{"id":289,"date":"2012-06-13T19:45:04","date_gmt":"2012-06-13T18:45:04","guid":{"rendered":"http:\/\/flavienneuvy.fr\/index.php\/2012\/06\/13\/affaire-trierweiler-suite\/"},"modified":"2012-06-13T19:45:04","modified_gmt":"2012-06-13T18:45:04","slug":"affaire-trierweiler-suite","status":"publish","type":"post","link":"https:\/\/flavienneuvy.fr\/index.php\/2012\/06\/13\/affaire-trierweiler-suite\/","title":{"rendered":"Affaire Trierweiler : suite&#8230;"},"content":{"rendered":"<p style=\"text-align: justify;\">Apr\u00e8s le tweet qui a fait la une des tous les m\u00e9dias, madame Trierweiler fait encore parler d&#39;elle ce soir. En effet, elle a affirm\u00e9 \u00e0 l&#39;AFP que son compte avait \u00e9t\u00e9 <a href=\"http:\/\/www.lefigaro.fr\/flash-actu\/2012\/06\/13\/97001-20120613FILWWW00702-le-compte-twitter-de-trierweiler-pirate.php\" target=\"_self\">pirat\u00e9<\/a> aujourd&#39;hui \u00e0 la suite d&#39;un autre tweet diffus\u00e9 en fin de journ\u00e9e. J&#39;ai vraiment beaucoup de mal \u00e0 croire \u00e0 cette histoire de compte pirat\u00e9, comme par hasard, le lendemain du scandale. Allez je me lance et vous fait partager une hypoth\u00e8se : Fran\u00e7ois Hollande \u00e9tait visiblement <a href=\"http:\/\/www.ledauphine.com\/france-monde\/2012\/06\/13\/francois-hollande-furieux-du-tweet-de-valerie-trierweiler\" target=\"_self\">furieux<\/a> du tweet de sa compagne et, \u00e9coutant les conseils de ses communicants (et des journalistes), d\u00e9cide de faire fermer le compte pour \u00e9viter une nouvelle bavure. Oui mais, \u00e0 ce moment pr\u00e9cis, se pose un probl\u00e8me : comment fermer ce compte sans humilier madame Trierweiler qui n&#39;a jamais cess\u00e9 de proclamer son ind\u00e9pendance totale ? Une solution et une seule : faire croire que le compte a \u00e9t\u00e9 pirat\u00e9 et expliquer que compte tenu de l&#39;exposition de la premi\u00e8re dame de France, il n&#39;est plus possible d&#39;avoir un compte Twitter assez s\u00e9curis\u00e9. Le pr\u00e9texte est l\u00e0, le compte peut fermer. Je parie qu&#39;on va nous annoncer la fermeture du compte assez vite en comman\u00e7ant par nous annoncer sa &quot;suspension&quot;. A suivre. Si je me trompe, je l&#39;\u00e9crirais et reconnaitrais bien volontiers mon erreur.<\/p>\n","protected":false},"excerpt":{"rendered":"<p>Apr\u00e8s le tweet qui a fait la une des tous les m\u00e9dias, madame Trierweiler fait encore parler d&#39;elle ce soir. En effet, elle a affirm\u00e9 \u00e0 l&#39;AFP que son compte avait \u00e9t\u00e9 pirat\u00e9 aujourd&#39;hui \u00e0 la suite d&#39;un autre tweet diffus\u00e9 en fin de journ\u00e9e. J&#39;ai vraiment beaucoup de mal \u00e0 croire \u00e0 cette histoire&nbsp;<\/p>\n<p><a class=\"btn btn-style\" href=\"https:\/\/flavienneuvy.fr\/index.php\/2012\/06\/13\/affaire-trierweiler-suite\/\">Continuer la lecture&#8230;<\/a><\/p>\n","protected":false},"author":1,"featured_media":0,"comment_status":"open","ping_status":"open","sticky":false,"template":"","format":"standard","meta":[],"categories":[2],"tags":[],"_links":{"self":[{"href":"https:\/\/flavienneuvy.fr\/index.php\/wp-json\/wp\/v2\/posts\/289"}],"collection":[{"href":"https:\/\/flavienneuvy.fr\/index.php\/wp-json\/wp\/v2\/posts"}],"about":[{"href":"https:\/\/flavienneuvy.fr\/index.php\/wp-json\/wp\/v2\/types\/post"}],"author":[{"embeddable":true,"href":"https:\/\/flavienneuvy.fr\/index.php\/wp-json\/wp\/v2\/users\/1"}],"replies":[{"embeddable":true,"href":"https:\/\/flavienneuvy.fr\/index.php\/wp-json\/wp\/v2\/comments?post=289"}],"version-history":[{"count":0,"href":"https:\/\/flavienneuvy.fr\/index.php\/wp-json\/wp\/v2\/posts\/289\/revisions"}],"wp:attachment":[{"href":"https:\/\/flavienneuvy.fr\/index.php\/wp-json\/wp\/v2\/media?parent=289"}],"wp:term":[{"taxonomy":"category","embeddable":true,"href":"https:\/\/flavienneuvy.fr\/index.php\/wp-json\/wp\/v2\/categories?post=289"},{"taxonomy":"post_tag","embeddable":true,"href":"https:\/\/flavienneuvy.fr\/index.php\/wp-json\/wp\/v2\/tags?post=289"}],"curies":[{"name":"wp","href":"https:\/\/api.w.org\/{rel}","templated":true}]}}