{"id":293,"date":"2012-06-11T08:30:00","date_gmt":"2012-06-11T07:30:00","guid":{"rendered":"http:\/\/flavienneuvy.fr\/index.php\/2012\/06\/11\/francois-hollande-bloque-dans-les-embouteillages\/"},"modified":"2012-06-11T08:30:00","modified_gmt":"2012-06-11T07:30:00","slug":"francois-hollande-bloque-dans-les-embouteillages","status":"publish","type":"post","link":"https:\/\/flavienneuvy.fr\/index.php\/2012\/06\/11\/francois-hollande-bloque-dans-les-embouteillages\/","title":{"rendered":"Fran\u00e7ois Hollande bloqu\u00e9 dans les embouteillages"},"content":{"rendered":"<p style=\"text-align: justify;\">Il y a quelques jours j&#39;\u00e9crivais un texte intitul\u00e9 &quot;<a href=\"http:\/\/cebazatpourdemain.typepad.fr\/cebazatpourdemain\/2012\/06\/quand-la-normalit%C3%A9-tourne-%C3%A0-labsudit%C3%A9.html\" target=\"_self\">Quand normalit\u00e9 rime avec absurdit\u00e9<\/a>&quot;. Lelab <a href=\"http:\/\/lelab.europe1.fr\/t\/le-president-normal-bloque-dans-les-bouchons-3156\/9151\" target=\"_self\">d&#39;Europe 1 <\/a>rapporte que le pr\u00e9sident de la R\u00e9publique fut bloqu\u00e9 hier dans les embouteillages en rentrant en voiture de Tulle. Et oui, les Fran\u00e7ais sont souvent bloqu\u00e9s en voiture et notre pr\u00e9sident &quot;normal&quot; fait de m\u00eame. Absurde et ridicule. Nous attendons donc la suite avec Fran\u00e7ois Hollande au Mac Do et Fran\u00e7ois Hollande au camping de Palavas cet \u00e9t\u00e9. Le ridicule c&#39;est maintenant.<\/p>\n","protected":false},"excerpt":{"rendered":"<p>Il y a quelques jours j&#39;\u00e9crivais un texte intitul\u00e9 &quot;Quand normalit\u00e9 rime avec absurdit\u00e9&quot;. Lelab d&#39;Europe 1 rapporte que le pr\u00e9sident de la R\u00e9publique fut bloqu\u00e9 hier dans les embouteillages en rentrant en voiture de Tulle. Et oui, les Fran\u00e7ais sont souvent bloqu\u00e9s en voiture et notre pr\u00e9sident &quot;normal&quot; fait de m\u00eame. Absurde et ridicule.&nbsp;<\/p>\n<p><a class=\"btn btn-style\" href=\"https:\/\/flavienneuvy.fr\/index.php\/2012\/06\/11\/francois-hollande-bloque-dans-les-embouteillages\/\">Continuer la lecture&#8230;<\/a><\/p>\n","protected":false},"author":1,"featured_media":0,"comment_status":"open","ping_status":"open","sticky":false,"template":"","format":"standard","meta":[],"categories":[1],"tags":[],"_links":{"self":[{"href":"https:\/\/flavienneuvy.fr\/index.php\/wp-json\/wp\/v2\/posts\/293"}],"collection":[{"href":"https:\/\/flavienneuvy.fr\/index.php\/wp-json\/wp\/v2\/posts"}],"about":[{"href":"https:\/\/flavienneuvy.fr\/index.php\/wp-json\/wp\/v2\/types\/post"}],"author":[{"embeddable":true,"href":"https:\/\/flavienneuvy.fr\/index.php\/wp-json\/wp\/v2\/users\/1"}],"replies":[{"embeddable":true,"href":"https:\/\/flavienneuvy.fr\/index.php\/wp-json\/wp\/v2\/comments?post=293"}],"version-history":[{"count":0,"href":"https:\/\/flavienneuvy.fr\/index.php\/wp-json\/wp\/v2\/posts\/293\/revisions"}],"wp:attachment":[{"href":"https:\/\/flavienneuvy.fr\/index.php\/wp-json\/wp\/v2\/media?parent=293"}],"wp:term":[{"taxonomy":"category","embeddable":true,"href":"https:\/\/flavienneuvy.fr\/index.php\/wp-json\/wp\/v2\/categories?post=293"},{"taxonomy":"post_tag","embeddable":true,"href":"https:\/\/flavienneuvy.fr\/index.php\/wp-json\/wp\/v2\/tags?post=293"}],"curies":[{"name":"wp","href":"https:\/\/api.w.org\/{rel}","templated":true}]}}