{"id":298,"date":"2012-06-04T19:16:02","date_gmt":"2012-06-04T18:16:02","guid":{"rendered":"http:\/\/flavienneuvy.fr\/index.php\/2012\/06\/04\/le-mali-completement-abandonne\/"},"modified":"2012-06-04T19:16:02","modified_gmt":"2012-06-04T18:16:02","slug":"le-mali-completement-abandonne","status":"publish","type":"post","link":"https:\/\/flavienneuvy.fr\/index.php\/2012\/06\/04\/le-mali-completement-abandonne\/","title":{"rendered":"Le Mali compl\u00e8tement abandonn\u00e9"},"content":{"rendered":"<p style=\"text-align: justify;\">Cela fait deux mois que les rebelles ont d\u00e9clar\u00e9 l&#39;ind\u00e9pendance du nord Mali : l&#39;Asawad. Les tensions actuelles entre les rebelles ind\u00e9pendantistes du Mouvement national  de lib\u00e9ration de l\u2019Azawad (MNLA) et les islamistes d\u2019Ansar Dine (en raison de d\u00e9saccords sur  l\u2019application de la loi islamique) n&#39;y changent rien : le Mali n&#39;existe plus. Cet \u00e9tat de fait semble laisser la communaut\u00e9 internationale dans l&#39;indiff\u00e9rence g\u00e9n\u00e9rale. Je le r\u00e9p\u00e8te : le Mali seul est strictement incapable de reprendre le contr\u00f4le de son territoire et les pays d&#39;Afrique ne semblent pas plus motiv\u00e9s \u00e0 l&#39;id\u00e9e de se jeter dans une guerre difficile. L&#39;explosion du Mali semble donc act\u00e9, de m\u00eame que la cr\u00e9ation d&#39;un \u00c9tat terroriste au c\u0153ur de l&#39;Afrique de l&#39;Ouest. D\u00e9sesp\u00e9rant.<\/p>\n","protected":false},"excerpt":{"rendered":"<p>Cela fait deux mois que les rebelles ont d\u00e9clar\u00e9 l&#39;ind\u00e9pendance du nord Mali : l&#39;Asawad. Les tensions actuelles entre les rebelles ind\u00e9pendantistes du Mouvement national de lib\u00e9ration de l\u2019Azawad (MNLA) et les islamistes d\u2019Ansar Dine (en raison de d\u00e9saccords sur l\u2019application de la loi islamique) n&#39;y changent rien : le Mali n&#39;existe plus. Cet \u00e9tat&nbsp;<\/p>\n<p><a class=\"btn btn-style\" href=\"https:\/\/flavienneuvy.fr\/index.php\/2012\/06\/04\/le-mali-completement-abandonne\/\">Continuer la lecture&#8230;<\/a><\/p>\n","protected":false},"author":1,"featured_media":0,"comment_status":"open","ping_status":"open","sticky":false,"template":"","format":"standard","meta":[],"categories":[2],"tags":[],"_links":{"self":[{"href":"https:\/\/flavienneuvy.fr\/index.php\/wp-json\/wp\/v2\/posts\/298"}],"collection":[{"href":"https:\/\/flavienneuvy.fr\/index.php\/wp-json\/wp\/v2\/posts"}],"about":[{"href":"https:\/\/flavienneuvy.fr\/index.php\/wp-json\/wp\/v2\/types\/post"}],"author":[{"embeddable":true,"href":"https:\/\/flavienneuvy.fr\/index.php\/wp-json\/wp\/v2\/users\/1"}],"replies":[{"embeddable":true,"href":"https:\/\/flavienneuvy.fr\/index.php\/wp-json\/wp\/v2\/comments?post=298"}],"version-history":[{"count":0,"href":"https:\/\/flavienneuvy.fr\/index.php\/wp-json\/wp\/v2\/posts\/298\/revisions"}],"wp:attachment":[{"href":"https:\/\/flavienneuvy.fr\/index.php\/wp-json\/wp\/v2\/media?parent=298"}],"wp:term":[{"taxonomy":"category","embeddable":true,"href":"https:\/\/flavienneuvy.fr\/index.php\/wp-json\/wp\/v2\/categories?post=298"},{"taxonomy":"post_tag","embeddable":true,"href":"https:\/\/flavienneuvy.fr\/index.php\/wp-json\/wp\/v2\/tags?post=298"}],"curies":[{"name":"wp","href":"https:\/\/api.w.org\/{rel}","templated":true}]}}