{"id":301,"date":"2012-05-29T21:04:22","date_gmt":"2012-05-29T20:04:22","guid":{"rendered":"http:\/\/flavienneuvy.fr\/index.php\/2012\/05\/29\/melenchon-en-petit-procureur-stalinien\/"},"modified":"2012-05-29T21:04:22","modified_gmt":"2012-05-29T20:04:22","slug":"melenchon-en-petit-procureur-stalinien","status":"publish","type":"post","link":"https:\/\/flavienneuvy.fr\/index.php\/2012\/05\/29\/melenchon-en-petit-procureur-stalinien\/","title":{"rendered":"M\u00e9lenchon en \u00ab\u00a0petit procureur stalinien\u00a0\u00bb"},"content":{"rendered":"<p style=\"text-align: justify;\">Jean-Luc M\u00e9lenchon fait encore parler de lui et pas en bien. Il a d\u00e9pass\u00e9 les bornes avec un journaliste de L&#39;Express. Une fois de plus, Jean-Luc M\u00e9lenchon montre son vrai visage, d\u00e9testable. Cette fois, la Soci\u00e9t\u00e9 des journalistes de L&#39;Express a publi\u00e9 un communiqu\u00e9 tr\u00e8s ferme dans lequel elle d\u00e9nonce l&#39;attitude du candidat du Front de gauche qui &quot;a encore franchi la ligne rouge du d\u00e9bat d\u00e9mocratique pour rev\u00eatir les oripeaux de petit procureur stalinien&quot;. Lire&#0160;<a href=\"http:\/\/blogs.lexpress.fr\/nouvelleformule\/2012\/05\/29\/melenchon-et-ses-oripeaux-de-petit-procureur-stalinien\/\" target=\"_self\">ici<\/a><\/p>\n<div style=\"text-align: center;\"><iframe loading=\"lazy\" frameborder=\"0\" height=\"315\" src=\"http:\/\/www.youtube.com\/embed\/ZhsQ2Slunoc\" width=\"420\"><\/iframe><\/div>\n","protected":false},"excerpt":{"rendered":"<p>Jean-Luc M\u00e9lenchon fait encore parler de lui et pas en bien. Il a d\u00e9pass\u00e9 les bornes avec un journaliste de L&#39;Express. Une fois de plus, Jean-Luc M\u00e9lenchon montre son vrai visage, d\u00e9testable. Cette fois, la Soci\u00e9t\u00e9 des journalistes de L&#39;Express a publi\u00e9 un communiqu\u00e9 tr\u00e8s ferme dans lequel elle d\u00e9nonce l&#39;attitude du candidat du Front&nbsp;<\/p>\n<p><a class=\"btn btn-style\" href=\"https:\/\/flavienneuvy.fr\/index.php\/2012\/05\/29\/melenchon-en-petit-procureur-stalinien\/\">Continuer la lecture&#8230;<\/a><\/p>\n","protected":false},"author":1,"featured_media":0,"comment_status":"open","ping_status":"open","sticky":false,"template":"","format":"standard","meta":[],"categories":[2],"tags":[27],"_links":{"self":[{"href":"https:\/\/flavienneuvy.fr\/index.php\/wp-json\/wp\/v2\/posts\/301"}],"collection":[{"href":"https:\/\/flavienneuvy.fr\/index.php\/wp-json\/wp\/v2\/posts"}],"about":[{"href":"https:\/\/flavienneuvy.fr\/index.php\/wp-json\/wp\/v2\/types\/post"}],"author":[{"embeddable":true,"href":"https:\/\/flavienneuvy.fr\/index.php\/wp-json\/wp\/v2\/users\/1"}],"replies":[{"embeddable":true,"href":"https:\/\/flavienneuvy.fr\/index.php\/wp-json\/wp\/v2\/comments?post=301"}],"version-history":[{"count":0,"href":"https:\/\/flavienneuvy.fr\/index.php\/wp-json\/wp\/v2\/posts\/301\/revisions"}],"wp:attachment":[{"href":"https:\/\/flavienneuvy.fr\/index.php\/wp-json\/wp\/v2\/media?parent=301"}],"wp:term":[{"taxonomy":"category","embeddable":true,"href":"https:\/\/flavienneuvy.fr\/index.php\/wp-json\/wp\/v2\/categories?post=301"},{"taxonomy":"post_tag","embeddable":true,"href":"https:\/\/flavienneuvy.fr\/index.php\/wp-json\/wp\/v2\/tags?post=301"}],"curies":[{"name":"wp","href":"https:\/\/api.w.org\/{rel}","templated":true}]}}