{"id":304,"date":"2012-05-24T20:40:39","date_gmt":"2012-05-24T19:40:39","guid":{"rendered":"http:\/\/flavienneuvy.fr\/index.php\/2012\/05\/24\/jean-pierre-brenas-en-campagne\/"},"modified":"2012-05-24T20:40:39","modified_gmt":"2012-05-24T19:40:39","slug":"jean-pierre-brenas-en-campagne","status":"publish","type":"post","link":"https:\/\/flavienneuvy.fr\/index.php\/2012\/05\/24\/jean-pierre-brenas-en-campagne\/","title":{"rendered":"Jean-Pierre Brenas en campagne"},"content":{"rendered":"<p style=\"text-align: justify;\">Jean-Pierre Brenas est en campagne pour les \u00e9lections l\u00e9gislatives dans la premi\u00e8re circonscription du Puy-de-D\u00f4me. Sa principale adversaire est d\u00e9put\u00e9e depuis 15 ans et se repr\u00e9sente de nouveau. Jean-Pierre que je connais depuis bien longtemps, pr\u00e9side le groupe UMP au sein du conseil municipal de Clermont-Ferrand. Il m\u00e8ne une belle campagne de proximit\u00e9 et de nombreuses r\u00e9unions publiques sont programm\u00e9es. Vous pouvez retrouver tout son agenda sur son site en cliquant <a href=\"http:\/\/www.jean-pierre-brenas.com\/carnet-de-campagne\/\" target=\"_self\">ici<\/a>.<\/p>\n","protected":false},"excerpt":{"rendered":"<p>Jean-Pierre Brenas est en campagne pour les \u00e9lections l\u00e9gislatives dans la premi\u00e8re circonscription du Puy-de-D\u00f4me. Sa principale adversaire est d\u00e9put\u00e9e depuis 15 ans et se repr\u00e9sente de nouveau. Jean-Pierre que je connais depuis bien longtemps, pr\u00e9side le groupe UMP au sein du conseil municipal de Clermont-Ferrand. Il m\u00e8ne une belle campagne de proximit\u00e9 et de&nbsp;<\/p>\n<p><a class=\"btn btn-style\" href=\"https:\/\/flavienneuvy.fr\/index.php\/2012\/05\/24\/jean-pierre-brenas-en-campagne\/\">Continuer la lecture&#8230;<\/a><\/p>\n","protected":false},"author":1,"featured_media":0,"comment_status":"open","ping_status":"open","sticky":false,"template":"","format":"standard","meta":[],"categories":[2],"tags":[],"_links":{"self":[{"href":"https:\/\/flavienneuvy.fr\/index.php\/wp-json\/wp\/v2\/posts\/304"}],"collection":[{"href":"https:\/\/flavienneuvy.fr\/index.php\/wp-json\/wp\/v2\/posts"}],"about":[{"href":"https:\/\/flavienneuvy.fr\/index.php\/wp-json\/wp\/v2\/types\/post"}],"author":[{"embeddable":true,"href":"https:\/\/flavienneuvy.fr\/index.php\/wp-json\/wp\/v2\/users\/1"}],"replies":[{"embeddable":true,"href":"https:\/\/flavienneuvy.fr\/index.php\/wp-json\/wp\/v2\/comments?post=304"}],"version-history":[{"count":0,"href":"https:\/\/flavienneuvy.fr\/index.php\/wp-json\/wp\/v2\/posts\/304\/revisions"}],"wp:attachment":[{"href":"https:\/\/flavienneuvy.fr\/index.php\/wp-json\/wp\/v2\/media?parent=304"}],"wp:term":[{"taxonomy":"category","embeddable":true,"href":"https:\/\/flavienneuvy.fr\/index.php\/wp-json\/wp\/v2\/categories?post=304"},{"taxonomy":"post_tag","embeddable":true,"href":"https:\/\/flavienneuvy.fr\/index.php\/wp-json\/wp\/v2\/tags?post=304"}],"curies":[{"name":"wp","href":"https:\/\/api.w.org\/{rel}","templated":true}]}}