{"id":305,"date":"2012-05-23T20:19:15","date_gmt":"2012-05-23T19:19:15","guid":{"rendered":"http:\/\/flavienneuvy.fr\/index.php\/2012\/05\/23\/montebourg-condamne\/"},"modified":"2012-05-23T20:19:15","modified_gmt":"2012-05-23T19:19:15","slug":"montebourg-condamne","status":"publish","type":"post","link":"https:\/\/flavienneuvy.fr\/index.php\/2012\/05\/23\/montebourg-condamne\/","title":{"rendered":"Montebourg condamn\u00e9"},"content":{"rendered":"<p style=\"text-align: justify;\">Le nouvelle est tomb\u00e9e aujourd&#39;hui et, in\u00e9vitablement, elle a fait beaucoup de bruit : Arnaud Montebourg a \u00e9t\u00e9 condamn\u00e9 pour avoir publiquement injuri\u00e9 les anciens membres de la direction de SeaFrance. Plusieurs voix se sont \u00e9lev\u00e9es pour demander sa d\u00e9mission puisque Fran\u00e7ois Hollande avait d\u00e9clar\u00e9 durant sa campagne qu&#39;il n\u2019aurait pas autour de lui \u00e0 l\u2019\u00c9lys\u00e9e &quot;des personnes jug\u00e9es et condamn\u00e9es&quot;. Arnaud Montebourg a \u00e9t\u00e9 condamn\u00e9 mais Jean-Marc Ayrault a \u00e9cart\u00e9 l&#39;hypoth\u00e8se de son d\u00e9part du gouvernement. Quelle est ma position sur ce sujet ? Je pense que cette condamnation est anecdotique est que cela ne doit pas entra\u00eener son d\u00e9part du gouvernement. Mais, le probl\u00e8me, c&#39;est que Fran\u00e7ois Hollande a pris des engagements pendant sa campagne : &quot;pas de ministres jug\u00e9s et condamn\u00e9s&quot;. Il avait m\u00eame pr\u00e9cis\u00e9 : &quot;je dis la r\u00e8gle que je ferai respecter. Vous pourrez me rappeler cette d\u00e9claration si je venais \u00e0 y manquer&quot;. Lire <a href=\"http:\/\/www.lejdd.fr\/Election-presidentielle-2012\/Actualite\/Hollande-est-pret-a-presider-la-France-interview-502791\/\" target=\"_self\">ici<\/a>. La gauche moralisatrice donneuse de le\u00e7ons se trouve prise \u00e0 ses propres contradictions. Le reniement c&#39;est tout le temps.<\/p>\n","protected":false},"excerpt":{"rendered":"<p>Le nouvelle est tomb\u00e9e aujourd&#39;hui et, in\u00e9vitablement, elle a fait beaucoup de bruit : Arnaud Montebourg a \u00e9t\u00e9 condamn\u00e9 pour avoir publiquement injuri\u00e9 les anciens membres de la direction de SeaFrance. Plusieurs voix se sont \u00e9lev\u00e9es pour demander sa d\u00e9mission puisque Fran\u00e7ois Hollande avait d\u00e9clar\u00e9 durant sa campagne qu&#39;il n\u2019aurait pas autour de lui \u00e0&nbsp;<\/p>\n<p><a class=\"btn btn-style\" href=\"https:\/\/flavienneuvy.fr\/index.php\/2012\/05\/23\/montebourg-condamne\/\">Continuer la lecture&#8230;<\/a><\/p>\n","protected":false},"author":1,"featured_media":0,"comment_status":"open","ping_status":"open","sticky":false,"template":"","format":"standard","meta":[],"categories":[2],"tags":[],"_links":{"self":[{"href":"https:\/\/flavienneuvy.fr\/index.php\/wp-json\/wp\/v2\/posts\/305"}],"collection":[{"href":"https:\/\/flavienneuvy.fr\/index.php\/wp-json\/wp\/v2\/posts"}],"about":[{"href":"https:\/\/flavienneuvy.fr\/index.php\/wp-json\/wp\/v2\/types\/post"}],"author":[{"embeddable":true,"href":"https:\/\/flavienneuvy.fr\/index.php\/wp-json\/wp\/v2\/users\/1"}],"replies":[{"embeddable":true,"href":"https:\/\/flavienneuvy.fr\/index.php\/wp-json\/wp\/v2\/comments?post=305"}],"version-history":[{"count":0,"href":"https:\/\/flavienneuvy.fr\/index.php\/wp-json\/wp\/v2\/posts\/305\/revisions"}],"wp:attachment":[{"href":"https:\/\/flavienneuvy.fr\/index.php\/wp-json\/wp\/v2\/media?parent=305"}],"wp:term":[{"taxonomy":"category","embeddable":true,"href":"https:\/\/flavienneuvy.fr\/index.php\/wp-json\/wp\/v2\/categories?post=305"},{"taxonomy":"post_tag","embeddable":true,"href":"https:\/\/flavienneuvy.fr\/index.php\/wp-json\/wp\/v2\/tags?post=305"}],"curies":[{"name":"wp","href":"https:\/\/api.w.org\/{rel}","templated":true}]}}