{"id":306,"date":"2012-05-23T08:19:13","date_gmt":"2012-05-23T07:19:13","guid":{"rendered":"http:\/\/flavienneuvy.fr\/index.php\/2012\/05\/23\/baisser-les-salaires-du-president-et-des-ministres-un-bon-signal\/"},"modified":"2012-05-23T08:19:13","modified_gmt":"2012-05-23T07:19:13","slug":"baisser-les-salaires-du-president-et-des-ministres-un-bon-signal","status":"publish","type":"post","link":"https:\/\/flavienneuvy.fr\/index.php\/2012\/05\/23\/baisser-les-salaires-du-president-et-des-ministres-un-bon-signal\/","title":{"rendered":"Baisser les salaires du pr\u00e9sident et des ministres : un bon signal"},"content":{"rendered":"<p style=\"text-align: justify;\">Depuis le d\u00e9but du mandat de Fran\u00e7ois Hollande, je n&#39;ai rien laiss\u00e9 passer. Il en sera ainsi pendant la dur\u00e9e du quinquennat. D&#39;ailleurs, la droite s&#39;est r\u00e9veill\u00e9e sur le net \u00e0 la grande surprise de la bobosph\u00e8re de gauche qui pensait \u00eatre la seule \u00e0 pouvoir \u00eatre massivement pr\u00e9sente sur le r\u00e9seau. Mais, de temps en temps, il y a des d\u00e9cisions prises par les socialistes que j&#39;approuve. J&#39;en cite deux : le renouvellement de la classe politique avec la nomination de nombreux nouveaux ministres et la baisse des salaires des ministres et du pr\u00e9sident. Pour ce dernier point, le geste est certes symbolique mais les symboles en politique \u00e7\u00e0 compte. J&#39;avais trouv\u00e9 que l&#39;augmentation de l&#39;indemnit\u00e9 du pr\u00e9sident voulue par Nicolas Sarkozy n&#39;\u00e9tait pas une bonne id\u00e9e et je l&#39;avais dit publiquement.<\/p>\n","protected":false},"excerpt":{"rendered":"<p>Depuis le d\u00e9but du mandat de Fran\u00e7ois Hollande, je n&#39;ai rien laiss\u00e9 passer. Il en sera ainsi pendant la dur\u00e9e du quinquennat. D&#39;ailleurs, la droite s&#39;est r\u00e9veill\u00e9e sur le net \u00e0 la grande surprise de la bobosph\u00e8re de gauche qui pensait \u00eatre la seule \u00e0 pouvoir \u00eatre massivement pr\u00e9sente sur le r\u00e9seau. Mais, de temps&nbsp;<\/p>\n<p><a class=\"btn btn-style\" href=\"https:\/\/flavienneuvy.fr\/index.php\/2012\/05\/23\/baisser-les-salaires-du-president-et-des-ministres-un-bon-signal\/\">Continuer la lecture&#8230;<\/a><\/p>\n","protected":false},"author":1,"featured_media":0,"comment_status":"open","ping_status":"open","sticky":false,"template":"","format":"standard","meta":[],"categories":[2],"tags":[],"_links":{"self":[{"href":"https:\/\/flavienneuvy.fr\/index.php\/wp-json\/wp\/v2\/posts\/306"}],"collection":[{"href":"https:\/\/flavienneuvy.fr\/index.php\/wp-json\/wp\/v2\/posts"}],"about":[{"href":"https:\/\/flavienneuvy.fr\/index.php\/wp-json\/wp\/v2\/types\/post"}],"author":[{"embeddable":true,"href":"https:\/\/flavienneuvy.fr\/index.php\/wp-json\/wp\/v2\/users\/1"}],"replies":[{"embeddable":true,"href":"https:\/\/flavienneuvy.fr\/index.php\/wp-json\/wp\/v2\/comments?post=306"}],"version-history":[{"count":0,"href":"https:\/\/flavienneuvy.fr\/index.php\/wp-json\/wp\/v2\/posts\/306\/revisions"}],"wp:attachment":[{"href":"https:\/\/flavienneuvy.fr\/index.php\/wp-json\/wp\/v2\/media?parent=306"}],"wp:term":[{"taxonomy":"category","embeddable":true,"href":"https:\/\/flavienneuvy.fr\/index.php\/wp-json\/wp\/v2\/categories?post=306"},{"taxonomy":"post_tag","embeddable":true,"href":"https:\/\/flavienneuvy.fr\/index.php\/wp-json\/wp\/v2\/tags?post=306"}],"curies":[{"name":"wp","href":"https:\/\/api.w.org\/{rel}","templated":true}]}}