{"id":311,"date":"2012-05-17T22:17:02","date_gmt":"2012-05-17T21:17:02","guid":{"rendered":"http:\/\/flavienneuvy.fr\/index.php\/2012\/05\/17\/najat-vallaud-belkacem-renonce-aux-legislatives\/"},"modified":"2012-05-17T22:17:02","modified_gmt":"2012-05-17T21:17:02","slug":"najat-vallaud-belkacem-renonce-aux-legislatives","status":"publish","type":"post","link":"https:\/\/flavienneuvy.fr\/index.php\/2012\/05\/17\/najat-vallaud-belkacem-renonce-aux-legislatives\/","title":{"rendered":"Najat Vallaud-Belkacem renonce aux l\u00e9gislatives"},"content":{"rendered":"<p>Tr\u00e8s bonne vid\u00e9o qui explique pourquoi madame Vallaud-Belkacem abandonne la course. Dommage, je la pensais plus courageuse.<\/p>\n<div style=\"text-align: center;\"><iframe loading=\"lazy\" frameborder=\"0\" height=\"270\" src=\"http:\/\/www.dailymotion.com\/embed\/video\/xqwdgc_pourquoi-najat-belkacem-renonce-aux-legislatives_news\" width=\"480\"><\/iframe><br \/><a href=\"http:\/\/www.dailymotion.com\/video\/xqwdgc_pourquoi-najat-belkacem-renonce-aux-legislatives_news\" target=\"_blank\">Pourquoi Najat Belkacem renonce aux l\u00e9gislatives<\/a> <em>par <a href=\"http:\/\/www.dailymotion.com\/LeNouvelObservateur\" target=\"_blank\">LeNouvelObservateur<\/a><\/em><\/div>\n","protected":false},"excerpt":{"rendered":"<p>Tr\u00e8s bonne vid\u00e9o qui explique pourquoi madame Vallaud-Belkacem abandonne la course. Dommage, je la pensais plus courageuse. Pourquoi Najat Belkacem renonce aux l\u00e9gislatives par LeNouvelObservateur<\/p>\n","protected":false},"author":1,"featured_media":0,"comment_status":"open","ping_status":"open","sticky":false,"template":"","format":"standard","meta":[],"categories":[2],"tags":[],"_links":{"self":[{"href":"https:\/\/flavienneuvy.fr\/index.php\/wp-json\/wp\/v2\/posts\/311"}],"collection":[{"href":"https:\/\/flavienneuvy.fr\/index.php\/wp-json\/wp\/v2\/posts"}],"about":[{"href":"https:\/\/flavienneuvy.fr\/index.php\/wp-json\/wp\/v2\/types\/post"}],"author":[{"embeddable":true,"href":"https:\/\/flavienneuvy.fr\/index.php\/wp-json\/wp\/v2\/users\/1"}],"replies":[{"embeddable":true,"href":"https:\/\/flavienneuvy.fr\/index.php\/wp-json\/wp\/v2\/comments?post=311"}],"version-history":[{"count":0,"href":"https:\/\/flavienneuvy.fr\/index.php\/wp-json\/wp\/v2\/posts\/311\/revisions"}],"wp:attachment":[{"href":"https:\/\/flavienneuvy.fr\/index.php\/wp-json\/wp\/v2\/media?parent=311"}],"wp:term":[{"taxonomy":"category","embeddable":true,"href":"https:\/\/flavienneuvy.fr\/index.php\/wp-json\/wp\/v2\/categories?post=311"},{"taxonomy":"post_tag","embeddable":true,"href":"https:\/\/flavienneuvy.fr\/index.php\/wp-json\/wp\/v2\/tags?post=311"}],"curies":[{"name":"wp","href":"https:\/\/api.w.org\/{rel}","templated":true}]}}