{"id":313,"date":"2012-05-17T17:29:46","date_gmt":"2012-05-17T16:29:46","guid":{"rendered":"http:\/\/flavienneuvy.fr\/index.php\/2012\/05\/17\/ameliorer-la-vie-des-francais\/"},"modified":"2012-05-17T17:29:46","modified_gmt":"2012-05-17T16:29:46","slug":"ameliorer-la-vie-des-francais","status":"publish","type":"post","link":"https:\/\/flavienneuvy.fr\/index.php\/2012\/05\/17\/ameliorer-la-vie-des-francais\/","title":{"rendered":"\u00ab\u00a0Am\u00e9liorer la vie des Fran\u00e7ais\u00a0\u00bb"},"content":{"rendered":"<p style=\"text-align: justify;\">Le premier Conseil des ministres d&#39;est d\u00e9roul\u00e9 cet apr\u00e8s-midi. Najat Vallaud-Belkacem, porte parole du gouvernement, s&#39;est exprim\u00e9e et a indiqu\u00e9 : &quot;Nous ne sommes pas l\u00e0 seulement pour g\u00e9rer mais pour r\u00e9former le  pays, pour vaincre les privil\u00e8ges, pour am\u00e9liorer la vie des Fran\u00e7ais.  Et rien de tout cela ne peut attendre. Il va nous falloir nous y  consacrer imm\u00e9diatement&quot;. Lire <a href=\"http:\/\/elections.lefigaro.fr\/flash-presidentielle\/2012\/05\/17\/97006-20120517FILWWW00569-les-ministres-vont-reformer-pas-gerer.php\" target=\"_self\">ici<\/a>. Am\u00e9liorer la vie des Fran\u00e7ais ? Parfait. On prend date, on se donne rendez-vous dans quelques temps, il faudra rendre des comptes.<\/p>\n","protected":false},"excerpt":{"rendered":"<p>Le premier Conseil des ministres d&#39;est d\u00e9roul\u00e9 cet apr\u00e8s-midi. Najat Vallaud-Belkacem, porte parole du gouvernement, s&#39;est exprim\u00e9e et a indiqu\u00e9 : &quot;Nous ne sommes pas l\u00e0 seulement pour g\u00e9rer mais pour r\u00e9former le pays, pour vaincre les privil\u00e8ges, pour am\u00e9liorer la vie des Fran\u00e7ais. Et rien de tout cela ne peut attendre. Il va nous&nbsp;<\/p>\n<p><a class=\"btn btn-style\" href=\"https:\/\/flavienneuvy.fr\/index.php\/2012\/05\/17\/ameliorer-la-vie-des-francais\/\">Continuer la lecture&#8230;<\/a><\/p>\n","protected":false},"author":1,"featured_media":0,"comment_status":"open","ping_status":"open","sticky":false,"template":"","format":"standard","meta":[],"categories":[2,4],"tags":[],"_links":{"self":[{"href":"https:\/\/flavienneuvy.fr\/index.php\/wp-json\/wp\/v2\/posts\/313"}],"collection":[{"href":"https:\/\/flavienneuvy.fr\/index.php\/wp-json\/wp\/v2\/posts"}],"about":[{"href":"https:\/\/flavienneuvy.fr\/index.php\/wp-json\/wp\/v2\/types\/post"}],"author":[{"embeddable":true,"href":"https:\/\/flavienneuvy.fr\/index.php\/wp-json\/wp\/v2\/users\/1"}],"replies":[{"embeddable":true,"href":"https:\/\/flavienneuvy.fr\/index.php\/wp-json\/wp\/v2\/comments?post=313"}],"version-history":[{"count":0,"href":"https:\/\/flavienneuvy.fr\/index.php\/wp-json\/wp\/v2\/posts\/313\/revisions"}],"wp:attachment":[{"href":"https:\/\/flavienneuvy.fr\/index.php\/wp-json\/wp\/v2\/media?parent=313"}],"wp:term":[{"taxonomy":"category","embeddable":true,"href":"https:\/\/flavienneuvy.fr\/index.php\/wp-json\/wp\/v2\/categories?post=313"},{"taxonomy":"post_tag","embeddable":true,"href":"https:\/\/flavienneuvy.fr\/index.php\/wp-json\/wp\/v2\/tags?post=313"}],"curies":[{"name":"wp","href":"https:\/\/api.w.org\/{rel}","templated":true}]}}