{"id":315,"date":"2012-05-16T19:35:25","date_gmt":"2012-05-16T18:35:25","guid":{"rendered":"http:\/\/flavienneuvy.fr\/index.php\/2012\/05\/16\/le-nouveau-gouvernement-francais\/"},"modified":"2012-05-16T19:35:25","modified_gmt":"2012-05-16T18:35:25","slug":"le-nouveau-gouvernement-francais","status":"publish","type":"post","link":"https:\/\/flavienneuvy.fr\/index.php\/2012\/05\/16\/le-nouveau-gouvernement-francais\/","title":{"rendered":"Le nouveau gouvernement fran\u00e7ais"},"content":{"rendered":"<p style=\"text-align: justify;\">La composition du gouvernement vient d&#39;\u00eatre diffus\u00e9e. La plupart des noms avaient \u00e9t\u00e9 annonc\u00e9s dans la journ\u00e9e. Quelques remarques : Laurent Fabius n\u00b02 du gouvernement c&#39;est retour vers les ann\u00e9es 80. Pas vraiment le changement. 34 ministres ? C&#39;est le gouvernement resser\u00e9 promis par Hollande&#8230;La liste compl\u00e8te <a href=\"http:\/\/elections.lefigaro.fr\/presidentielle-2012\/2012\/05\/15\/01039-20120515LIVWWW00803-en-direct-le-premier-gouvernement-du-quinquennat-de-francois-hollande.php\" target=\"_self\">ici<\/a>.<\/p>\n<p style=\"text-align: justify;\">Arnaud Montebourg ministre du &quot;redressement productif&quot;&#8230;On va rire. Ses comp\u00e9tences \u00e9conomiques sont reconnues de tous.  <a class=\"asset-img-link\" href=\"http:\/\/cebazatpourdemain.typepad.fr\/.a\/6a00d834522be769e20168eb8c5939970c-pi\"><img decoding=\"async\" alt=\"Images\" class=\"asset  asset-image at-xid-6a00d834522be769e20168eb8c5939970c\" src=\"http:\/\/cebazatpourdemain.typepad.fr\/.a\/6a00d834522be769e20168eb8c5939970c-120wi\" style=\"display: block; margin-left: auto; margin-right: auto;\" title=\"Images\" \/><\/a><\/p>\n","protected":false},"excerpt":{"rendered":"<p>La composition du gouvernement vient d&#39;\u00eatre diffus\u00e9e. La plupart des noms avaient \u00e9t\u00e9 annonc\u00e9s dans la journ\u00e9e. Quelques remarques : Laurent Fabius n\u00b02 du gouvernement c&#39;est retour vers les ann\u00e9es 80. Pas vraiment le changement. 34 ministres ? C&#39;est le gouvernement resser\u00e9 promis par Hollande&#8230;La liste compl\u00e8te ici. Arnaud Montebourg ministre du &quot;redressement productif&quot;&#8230;On va&nbsp;<\/p>\n<p><a class=\"btn btn-style\" href=\"https:\/\/flavienneuvy.fr\/index.php\/2012\/05\/16\/le-nouveau-gouvernement-francais\/\">Continuer la lecture&#8230;<\/a><\/p>\n","protected":false},"author":1,"featured_media":0,"comment_status":"open","ping_status":"open","sticky":false,"template":"","format":"standard","meta":[],"categories":[2],"tags":[],"_links":{"self":[{"href":"https:\/\/flavienneuvy.fr\/index.php\/wp-json\/wp\/v2\/posts\/315"}],"collection":[{"href":"https:\/\/flavienneuvy.fr\/index.php\/wp-json\/wp\/v2\/posts"}],"about":[{"href":"https:\/\/flavienneuvy.fr\/index.php\/wp-json\/wp\/v2\/types\/post"}],"author":[{"embeddable":true,"href":"https:\/\/flavienneuvy.fr\/index.php\/wp-json\/wp\/v2\/users\/1"}],"replies":[{"embeddable":true,"href":"https:\/\/flavienneuvy.fr\/index.php\/wp-json\/wp\/v2\/comments?post=315"}],"version-history":[{"count":0,"href":"https:\/\/flavienneuvy.fr\/index.php\/wp-json\/wp\/v2\/posts\/315\/revisions"}],"wp:attachment":[{"href":"https:\/\/flavienneuvy.fr\/index.php\/wp-json\/wp\/v2\/media?parent=315"}],"wp:term":[{"taxonomy":"category","embeddable":true,"href":"https:\/\/flavienneuvy.fr\/index.php\/wp-json\/wp\/v2\/categories?post=315"},{"taxonomy":"post_tag","embeddable":true,"href":"https:\/\/flavienneuvy.fr\/index.php\/wp-json\/wp\/v2\/tags?post=315"}],"curies":[{"name":"wp","href":"https:\/\/api.w.org\/{rel}","templated":true}]}}