{"id":316,"date":"2012-05-15T19:15:08","date_gmt":"2012-05-15T18:15:08","guid":{"rendered":"http:\/\/flavienneuvy.fr\/index.php\/2012\/05\/15\/francois-hollande-et-la-republique-irreprochable\/"},"modified":"2012-05-15T19:15:08","modified_gmt":"2012-05-15T18:15:08","slug":"francois-hollande-et-la-republique-irreprochable","status":"publish","type":"post","link":"https:\/\/flavienneuvy.fr\/index.php\/2012\/05\/15\/francois-hollande-et-la-republique-irreprochable\/","title":{"rendered":"Fran\u00e7ois Hollande et la R\u00e9publique irr\u00e9prochable&#8230;"},"content":{"rendered":"<p style=\"text-align: justify;\">Le candidat Fran\u00e7ais Hollande n&#39;a pas cess\u00e9 de donner des le\u00e7ons de morale sur la R\u00e9publique irr\u00e9prochable qu&#39;il voulait mettre en place en cas de victoire. Mieux, il s&#39;\u00e9tait engag\u00e9 : &quot;je n\u2019aurai pas autour de moi \u00e0 l\u2019\u00c9lys\u00e9e des personnes jug\u00e9es et condamn\u00e9es&quot;. Lire <a href=\"http:\/\/www.lejdd.fr\/Election-presidentielle-2012\/Actualite\/Hollande-est-pret-a-presider-la-France-interview-502791\/\" target=\"_self\">ici<\/a>. Fran\u00e7ois Hollande a \u00e9t\u00e9 \u00e9lu pr\u00e9sident de la R\u00e9publique et il nomme comme premier ministre Monsieur Ayrault. Je vous propose de lire quelques lignes \u00e0 propos de notre nouveau premier ministre. Lire <a href=\"http:\/\/www.lexpress.fr\/actualite\/politique\/condamne-en-1997-jean-marc-ayrault-peut-il-perdre-matignon_1112822.html\" target=\"_self\">ici<\/a>. Le reniement c&#39;est maintenant.<\/p>\n","protected":false},"excerpt":{"rendered":"<p>Le candidat Fran\u00e7ais Hollande n&#39;a pas cess\u00e9 de donner des le\u00e7ons de morale sur la R\u00e9publique irr\u00e9prochable qu&#39;il voulait mettre en place en cas de victoire. Mieux, il s&#39;\u00e9tait engag\u00e9 : &quot;je n\u2019aurai pas autour de moi \u00e0 l\u2019\u00c9lys\u00e9e des personnes jug\u00e9es et condamn\u00e9es&quot;. Lire ici. Fran\u00e7ois Hollande a \u00e9t\u00e9 \u00e9lu pr\u00e9sident de la R\u00e9publique&nbsp;<\/p>\n<p><a class=\"btn btn-style\" href=\"https:\/\/flavienneuvy.fr\/index.php\/2012\/05\/15\/francois-hollande-et-la-republique-irreprochable\/\">Continuer la lecture&#8230;<\/a><\/p>\n","protected":false},"author":1,"featured_media":0,"comment_status":"open","ping_status":"open","sticky":false,"template":"","format":"standard","meta":[],"categories":[2],"tags":[],"_links":{"self":[{"href":"https:\/\/flavienneuvy.fr\/index.php\/wp-json\/wp\/v2\/posts\/316"}],"collection":[{"href":"https:\/\/flavienneuvy.fr\/index.php\/wp-json\/wp\/v2\/posts"}],"about":[{"href":"https:\/\/flavienneuvy.fr\/index.php\/wp-json\/wp\/v2\/types\/post"}],"author":[{"embeddable":true,"href":"https:\/\/flavienneuvy.fr\/index.php\/wp-json\/wp\/v2\/users\/1"}],"replies":[{"embeddable":true,"href":"https:\/\/flavienneuvy.fr\/index.php\/wp-json\/wp\/v2\/comments?post=316"}],"version-history":[{"count":0,"href":"https:\/\/flavienneuvy.fr\/index.php\/wp-json\/wp\/v2\/posts\/316\/revisions"}],"wp:attachment":[{"href":"https:\/\/flavienneuvy.fr\/index.php\/wp-json\/wp\/v2\/media?parent=316"}],"wp:term":[{"taxonomy":"category","embeddable":true,"href":"https:\/\/flavienneuvy.fr\/index.php\/wp-json\/wp\/v2\/categories?post=316"},{"taxonomy":"post_tag","embeddable":true,"href":"https:\/\/flavienneuvy.fr\/index.php\/wp-json\/wp\/v2\/tags?post=316"}],"curies":[{"name":"wp","href":"https:\/\/api.w.org\/{rel}","templated":true}]}}