{"id":317,"date":"2012-05-15T08:27:39","date_gmt":"2012-05-15T07:27:39","guid":{"rendered":"http:\/\/flavienneuvy.fr\/index.php\/2012\/05\/15\/jean-marc-ayrault-sera-premier-ministre\/"},"modified":"2012-05-15T08:27:39","modified_gmt":"2012-05-15T07:27:39","slug":"jean-marc-ayrault-sera-premier-ministre","status":"publish","type":"post","link":"https:\/\/flavienneuvy.fr\/index.php\/2012\/05\/15\/jean-marc-ayrault-sera-premier-ministre\/","title":{"rendered":"Jean-Marc Ayrault sera premier ministre"},"content":{"rendered":"<p style=\"text-align: justify;\">C&#39;est Jean-Pierre Jouyet qui vient de <a href=\"http:\/\/www.liberation.fr\/politiques\/2012\/05\/15\/ayrault-va-etre-nomme-premier-ministre-pour-un-proche-de-hollande_818784\" target=\"_self\">l&#39;annoncer<\/a> sur RTL : Jean-Marc Ayrault sera nomm\u00e9 premier ministre par Fran\u00e7ois Hollande. Nous allons nous retrouver avec un pr\u00e9sident qui a une grosse exp\u00e9rience gouvernementale et un premier ministre qui a la m\u00eame exp\u00e9rience puisque ni l&#39;un ni l&#39;autre n&#39;ont, \u00e0 ce jour, particip\u00e9 \u00e0 un Conseil des ministres. \u00c9tonnant.<\/p>\n","protected":false},"excerpt":{"rendered":"<p>C&#39;est Jean-Pierre Jouyet qui vient de l&#39;annoncer sur RTL : Jean-Marc Ayrault sera nomm\u00e9 premier ministre par Fran\u00e7ois Hollande. Nous allons nous retrouver avec un pr\u00e9sident qui a une grosse exp\u00e9rience gouvernementale et un premier ministre qui a la m\u00eame exp\u00e9rience puisque ni l&#39;un ni l&#39;autre n&#39;ont, \u00e0 ce jour, particip\u00e9 \u00e0 un Conseil des&nbsp;<\/p>\n<p><a class=\"btn btn-style\" href=\"https:\/\/flavienneuvy.fr\/index.php\/2012\/05\/15\/jean-marc-ayrault-sera-premier-ministre\/\">Continuer la lecture&#8230;<\/a><\/p>\n","protected":false},"author":1,"featured_media":0,"comment_status":"open","ping_status":"open","sticky":false,"template":"","format":"standard","meta":[],"categories":[2],"tags":[],"_links":{"self":[{"href":"https:\/\/flavienneuvy.fr\/index.php\/wp-json\/wp\/v2\/posts\/317"}],"collection":[{"href":"https:\/\/flavienneuvy.fr\/index.php\/wp-json\/wp\/v2\/posts"}],"about":[{"href":"https:\/\/flavienneuvy.fr\/index.php\/wp-json\/wp\/v2\/types\/post"}],"author":[{"embeddable":true,"href":"https:\/\/flavienneuvy.fr\/index.php\/wp-json\/wp\/v2\/users\/1"}],"replies":[{"embeddable":true,"href":"https:\/\/flavienneuvy.fr\/index.php\/wp-json\/wp\/v2\/comments?post=317"}],"version-history":[{"count":0,"href":"https:\/\/flavienneuvy.fr\/index.php\/wp-json\/wp\/v2\/posts\/317\/revisions"}],"wp:attachment":[{"href":"https:\/\/flavienneuvy.fr\/index.php\/wp-json\/wp\/v2\/media?parent=317"}],"wp:term":[{"taxonomy":"category","embeddable":true,"href":"https:\/\/flavienneuvy.fr\/index.php\/wp-json\/wp\/v2\/categories?post=317"},{"taxonomy":"post_tag","embeddable":true,"href":"https:\/\/flavienneuvy.fr\/index.php\/wp-json\/wp\/v2\/tags?post=317"}],"curies":[{"name":"wp","href":"https:\/\/api.w.org\/{rel}","templated":true}]}}