{"id":318,"date":"2012-05-14T23:31:12","date_gmt":"2012-05-14T22:31:12","guid":{"rendered":"http:\/\/flavienneuvy.fr\/index.php\/2012\/05\/14\/francois-hollande-remercie-les-journalistes\/"},"modified":"2012-05-14T23:31:12","modified_gmt":"2012-05-14T22:31:12","slug":"francois-hollande-remercie-les-journalistes","status":"publish","type":"post","link":"https:\/\/flavienneuvy.fr\/index.php\/2012\/05\/14\/francois-hollande-remercie-les-journalistes\/","title":{"rendered":"Fran\u00e7ois Hollande remercie les journalistes"},"content":{"rendered":"<p style=\"text-align: justify;\"><em>\u00abBonjour \u00e0 tous, afin de f\u00eater la fin de la campagne, vous \u00eates  convi\u00e9s \u00e0 un ap\u00e9ritif au 59 avenue de S\u00e9gur ce lundi 14 mai \u00e0 12h00.  Amiti\u00e9s, Manuel VALLS\u00bb. <\/em>Voici l&#39;invitation re\u00e7ue par les journalistes qui ont suivi Fran\u00e7ois Hollande pendant cette campagne. Dans la foul\u00e9e, ces m\u00eames journalistes ont re\u00e7u un autre mail de Najat Vallaud-Belkacem, la porte-parole du pr\u00e9sident \u00e9lu : <em>\u00ab Merci les amis vous avez \u00e9t\u00e9 d\u2019une efficacit\u00e9 et d\u2019un d\u00e9vouement remarquables. A tr\u00e8s bient\u00f4t j\u2019esp\u00e8re. Najat  vb \u00bb. <\/em>Voil\u00e0 qui en dit long&#8230;Ces faits ont \u00e9t\u00e9 relat\u00e9s par une journaliste&#8230;belge qui a \u00e9t\u00e9 choqu\u00e9e par ces comportements. Lire <a href=\"http:\/\/blog.lesoir.be\/parisbysoir\/2012\/05\/14\/lapero-chez-francois-hollande-cest-normal\/\" target=\"_self\">ici<\/a>.<\/p>\n","protected":false},"excerpt":{"rendered":"<p>\u00abBonjour \u00e0 tous, afin de f\u00eater la fin de la campagne, vous \u00eates convi\u00e9s \u00e0 un ap\u00e9ritif au 59 avenue de S\u00e9gur ce lundi 14 mai \u00e0 12h00. Amiti\u00e9s, Manuel VALLS\u00bb. Voici l&#39;invitation re\u00e7ue par les journalistes qui ont suivi Fran\u00e7ois Hollande pendant cette campagne. Dans la foul\u00e9e, ces m\u00eames journalistes ont re\u00e7u un autre&nbsp;<\/p>\n<p><a class=\"btn btn-style\" href=\"https:\/\/flavienneuvy.fr\/index.php\/2012\/05\/14\/francois-hollande-remercie-les-journalistes\/\">Continuer la lecture&#8230;<\/a><\/p>\n","protected":false},"author":1,"featured_media":0,"comment_status":"open","ping_status":"open","sticky":false,"template":"","format":"standard","meta":[],"categories":[2],"tags":[],"_links":{"self":[{"href":"https:\/\/flavienneuvy.fr\/index.php\/wp-json\/wp\/v2\/posts\/318"}],"collection":[{"href":"https:\/\/flavienneuvy.fr\/index.php\/wp-json\/wp\/v2\/posts"}],"about":[{"href":"https:\/\/flavienneuvy.fr\/index.php\/wp-json\/wp\/v2\/types\/post"}],"author":[{"embeddable":true,"href":"https:\/\/flavienneuvy.fr\/index.php\/wp-json\/wp\/v2\/users\/1"}],"replies":[{"embeddable":true,"href":"https:\/\/flavienneuvy.fr\/index.php\/wp-json\/wp\/v2\/comments?post=318"}],"version-history":[{"count":0,"href":"https:\/\/flavienneuvy.fr\/index.php\/wp-json\/wp\/v2\/posts\/318\/revisions"}],"wp:attachment":[{"href":"https:\/\/flavienneuvy.fr\/index.php\/wp-json\/wp\/v2\/media?parent=318"}],"wp:term":[{"taxonomy":"category","embeddable":true,"href":"https:\/\/flavienneuvy.fr\/index.php\/wp-json\/wp\/v2\/categories?post=318"},{"taxonomy":"post_tag","embeddable":true,"href":"https:\/\/flavienneuvy.fr\/index.php\/wp-json\/wp\/v2\/tags?post=318"}],"curies":[{"name":"wp","href":"https:\/\/api.w.org\/{rel}","templated":true}]}}