{"id":32,"date":"2015-11-14T22:57:21","date_gmt":"2015-11-14T21:57:21","guid":{"rendered":"http:\/\/flavienneuvy.fr\/index.php\/2015\/11\/14\/attentats-de-paris-nous-devons-changer-notre-systeme-de-defense\/"},"modified":"2015-11-14T22:57:21","modified_gmt":"2015-11-14T21:57:21","slug":"attentats-de-paris-nous-devons-changer-notre-systeme-de-defense","status":"publish","type":"post","link":"https:\/\/flavienneuvy.fr\/index.php\/2015\/11\/14\/attentats-de-paris-nous-devons-changer-notre-systeme-de-defense\/","title":{"rendered":"Attentats de Paris : nous devons changer notre syst\u00e8me de d\u00e9fense."},"content":{"rendered":"<p style=\"text-align: justify;\">C&#39;est la guerre. Plus personne ne peut dire le contraire. Cette menace vient de l&#39;int\u00e9rieur. Le mode op\u00e9ratoire permet \u00e0 quelques individus arm\u00e9s d&#39;AK 47 de faire un maximum de victimes en quelques dizaines de minutes. Les attentats de la nuit derni\u00e8re ont \u00e9t\u00e9 planifi\u00e9s, et plusieurs \u00e9quipes se sont coordonn\u00e9es. Malgr\u00e9 l&#39;ampleur de l&#39;attaque, malgr\u00e9 le plan Vigipirate en vigueur nous n&#39;avons pas pu emp\u00eacher le passage \u00e0 l&#39;acte des ces fous furieux. Donc, nous sommes impuissants et nous n&#39;arrivons pas \u00e0 emp\u00eacher ce type d&#39;attaques. La question n&#39;est pas de savoir s&#39;il y en aura d&#39;autres mais quand. <strong>Du coup, il faut changer notre syst\u00e8me de d\u00e9fense<\/strong>. Si nous le faisons pas, nous continuerons \u00e0 pleurer nos morts, \u00e0 chaque attentat. Que faire ? Il n&#39;y a pas 36 solutions&#0160;car&#0160;nos forces de police et de gendarmerie sont sur-sollicit\u00e9es. La seule solution pour essayer (je dis bien essayer) de limiter les risques, c&#39;est d&#39;augmenter tr\u00e8s fortement le nombre de personnes arm\u00e9es dans notre pays. Je ne parle d&#39;autoriser le port d&#39;armes pour tout le monde, je suis contre.<\/p>\n<p style=\"text-align: justify;\">Par contre, il est possible de demander aux policiers (de la police nationale et municipale) et aux gendarmes de toujours garder sur eux leur arme de service y compris pendant leurs vacances. Il faut \u00e9galement armer l&#39;ensemble des r\u00e9servistes. Cela repr\u00e9sente environ 30 000 personnes. Je pense \u00e9galement que l&#39;ensemble des officiers de police judiciaire doivent \u00eatre arm\u00e9s. Parmi ces personnes se trouvent l&#39;ensemble des maires et de leurs adjoints. Cela repr\u00e9sente des dizaines de milliers de personnes en plus. Bien s\u00fbr cela ne pourrait se faire que sur la base du volontariat avec des formations r\u00e9guli\u00e8res concernant l&#39;usage des armes.&#0160;<\/p>\n<p style=\"text-align: justify;\">En agissant ainsi, nous aurions des dizaines de milliers de personnes arm\u00e9es en plus sur notre territoire. Cela ne permettrait pas d&#39;\u00e9viter&#0160;les attentats&#0160;mais en faisant cela nous augmenterions fortement la probabilit\u00e9 qu&#39;en face d&#39;un terroriste en action avec son AK 47 se trouve une personne arm\u00e9e ayant une chance de le mettre hors d&#39;\u00e9tat de nuire. Si hier au Bataclan une ou deux personnes avaient eu une arme, le bilan aurait peut-\u00eatre \u00e9t\u00e9 moins lourd.<strong> Il faut augmenter notre capacit\u00e9 de riposte face \u00e0 ces dingues.<\/strong>&#0160;<\/p>\n","protected":false},"excerpt":{"rendered":"<p>C&#39;est la guerre. Plus personne ne peut dire le contraire. Cette menace vient de l&#39;int\u00e9rieur. Le mode op\u00e9ratoire permet \u00e0 quelques individus arm\u00e9s d&#39;AK 47 de faire un maximum de victimes en quelques dizaines de minutes. Les attentats de la nuit derni\u00e8re ont \u00e9t\u00e9 planifi\u00e9s, et plusieurs \u00e9quipes se sont coordonn\u00e9es. Malgr\u00e9 l&#39;ampleur de l&#39;attaque,&nbsp;<\/p>\n<p><a class=\"btn btn-style\" href=\"https:\/\/flavienneuvy.fr\/index.php\/2015\/11\/14\/attentats-de-paris-nous-devons-changer-notre-systeme-de-defense\/\">Continuer la lecture&#8230;<\/a><\/p>\n","protected":false},"author":1,"featured_media":0,"comment_status":"open","ping_status":"closed","sticky":false,"template":"","format":"standard","meta":[],"categories":[2],"tags":[],"_links":{"self":[{"href":"https:\/\/flavienneuvy.fr\/index.php\/wp-json\/wp\/v2\/posts\/32"}],"collection":[{"href":"https:\/\/flavienneuvy.fr\/index.php\/wp-json\/wp\/v2\/posts"}],"about":[{"href":"https:\/\/flavienneuvy.fr\/index.php\/wp-json\/wp\/v2\/types\/post"}],"author":[{"embeddable":true,"href":"https:\/\/flavienneuvy.fr\/index.php\/wp-json\/wp\/v2\/users\/1"}],"replies":[{"embeddable":true,"href":"https:\/\/flavienneuvy.fr\/index.php\/wp-json\/wp\/v2\/comments?post=32"}],"version-history":[{"count":0,"href":"https:\/\/flavienneuvy.fr\/index.php\/wp-json\/wp\/v2\/posts\/32\/revisions"}],"wp:attachment":[{"href":"https:\/\/flavienneuvy.fr\/index.php\/wp-json\/wp\/v2\/media?parent=32"}],"wp:term":[{"taxonomy":"category","embeddable":true,"href":"https:\/\/flavienneuvy.fr\/index.php\/wp-json\/wp\/v2\/categories?post=32"},{"taxonomy":"post_tag","embeddable":true,"href":"https:\/\/flavienneuvy.fr\/index.php\/wp-json\/wp\/v2\/tags?post=32"}],"curies":[{"name":"wp","href":"https:\/\/api.w.org\/{rel}","templated":true}]}}