{"id":325,"date":"2012-05-10T08:01:12","date_gmt":"2012-05-10T07:01:12","guid":{"rendered":"http:\/\/flavienneuvy.fr\/index.php\/2012\/05\/10\/hollande-et-le-falcon-suite\/"},"modified":"2012-05-10T08:01:12","modified_gmt":"2012-05-10T07:01:12","slug":"hollande-et-le-falcon-suite","status":"publish","type":"post","link":"https:\/\/flavienneuvy.fr\/index.php\/2012\/05\/10\/hollande-et-le-falcon-suite\/","title":{"rendered":"Hollande et les Falcon (suite)"},"content":{"rendered":"<p style=\"text-align: justify;\">Il y a quelques jours j&#39;avais d\u00e9nonc\u00e9 la <a href=\"http:\/\/cebazatpourdemain.typepad.fr\/cebazatpourdemain\/2012\/05\/fran%C3%A7ois-hollande-et-les-falcon-900.html\" target=\"_self\">&quot;pr\u00e9sidence normale&quot;<\/a> de Fran\u00e7ois Hollande qui a d\u00e9but\u00e9 dimanche soir avec une d\u00e9l\u00e9gation de 4 avions au d\u00e9part de Brive (dont 2 Falcon et 1 Boeing). Si ce texte a g\u00e9n\u00e9r\u00e9 un flux de visites important sur mon site, je constate que le bruit m\u00e9diatique fait autour de tout cela est rest\u00e9 faible. Le site <a href=\"http:\/\/www.atlantico.fr\/pepites\/jet-prive-francois-hollande-fait-polemique-354231.html\" target=\"_self\">Atlantico<\/a> l&#39;a \u00e9voqu\u00e9, de m\u00eame que le <a href=\"http:\/\/www.huffingtonpost.fr\/2012\/05\/07\/avion-de-franois-hollande_n_1495798.html?ref=mostpopular\" target=\"_self\">Huffingtonpost<\/a>. Un d\u00e9put\u00e9 vient de demander \u00e0 Fran\u00e7ois Hollande de s&#39;expliquer. Lire <a href=\"http:\/\/elections.lefigaro.fr\/flash-presidentielle\/2012\/05\/09\/97006-20120509FILWWW00547-hollande-prie-de-s-expliquer-sur-les-avions.php\" target=\"_self\">ici<\/a>. Pas beaucoup de bruit m\u00e9diatique donc. Les d\u00e9fenseurs de Fran\u00e7ois Hollande expliquent qu&#39;il n&#39;y avait plus de train apr\u00e8s 22h au d\u00e9part de Brive. Qu&#39;en partant en voiture, il n&#39;aurait jamais pu arriver \u00e0 temps pour aller \u00e0 la Bastille. Et alors ? Il n&#39;\u00e9tait pas oblig\u00e9 d&#39;\u00eatre \u00e0 Tulle ce soir l\u00e0. Il pouvait rester \u00e0 Paris puisqu&#39;il savait qu&#39;il allait gagner. Et puis surtout, pourquoi 4 avions ??? Pour finir, je demande \u00e0 mes lecteurs d&#39;imaginer une seconde la r\u00e9action des m\u00e9dias si Nicolas Sarkozy pour un d\u00e9placement pr\u00e9sidentiel avait mobilis\u00e9 2 Falcon et 1 Boeing pour les journalistes. Deux poids deux mesures.<\/p>\n","protected":false},"excerpt":{"rendered":"<p>Il y a quelques jours j&#39;avais d\u00e9nonc\u00e9 la &quot;pr\u00e9sidence normale&quot; de Fran\u00e7ois Hollande qui a d\u00e9but\u00e9 dimanche soir avec une d\u00e9l\u00e9gation de 4 avions au d\u00e9part de Brive (dont 2 Falcon et 1 Boeing). Si ce texte a g\u00e9n\u00e9r\u00e9 un flux de visites important sur mon site, je constate que le bruit m\u00e9diatique fait autour&nbsp;<\/p>\n<p><a class=\"btn btn-style\" href=\"https:\/\/flavienneuvy.fr\/index.php\/2012\/05\/10\/hollande-et-le-falcon-suite\/\">Continuer la lecture&#8230;<\/a><\/p>\n","protected":false},"author":1,"featured_media":0,"comment_status":"open","ping_status":"open","sticky":false,"template":"","format":"standard","meta":[],"categories":[2],"tags":[],"_links":{"self":[{"href":"https:\/\/flavienneuvy.fr\/index.php\/wp-json\/wp\/v2\/posts\/325"}],"collection":[{"href":"https:\/\/flavienneuvy.fr\/index.php\/wp-json\/wp\/v2\/posts"}],"about":[{"href":"https:\/\/flavienneuvy.fr\/index.php\/wp-json\/wp\/v2\/types\/post"}],"author":[{"embeddable":true,"href":"https:\/\/flavienneuvy.fr\/index.php\/wp-json\/wp\/v2\/users\/1"}],"replies":[{"embeddable":true,"href":"https:\/\/flavienneuvy.fr\/index.php\/wp-json\/wp\/v2\/comments?post=325"}],"version-history":[{"count":0,"href":"https:\/\/flavienneuvy.fr\/index.php\/wp-json\/wp\/v2\/posts\/325\/revisions"}],"wp:attachment":[{"href":"https:\/\/flavienneuvy.fr\/index.php\/wp-json\/wp\/v2\/media?parent=325"}],"wp:term":[{"taxonomy":"category","embeddable":true,"href":"https:\/\/flavienneuvy.fr\/index.php\/wp-json\/wp\/v2\/categories?post=325"},{"taxonomy":"post_tag","embeddable":true,"href":"https:\/\/flavienneuvy.fr\/index.php\/wp-json\/wp\/v2\/tags?post=325"}],"curies":[{"name":"wp","href":"https:\/\/api.w.org\/{rel}","templated":true}]}}