{"id":466,"date":"2011-12-07T07:07:04","date_gmt":"2011-12-07T06:07:04","guid":{"rendered":"http:\/\/flavienneuvy.fr\/index.php\/2011\/12\/07\/le-bon-trace-pour-la-future-lgv-clermont-paris\/"},"modified":"2011-12-07T07:07:04","modified_gmt":"2011-12-07T06:07:04","slug":"le-bon-trace-pour-la-future-lgv-clermont-paris","status":"publish","type":"post","link":"https:\/\/flavienneuvy.fr\/index.php\/2011\/12\/07\/le-bon-trace-pour-la-future-lgv-clermont-paris\/","title":{"rendered":"Le bon trac\u00e9 pour la future LGV Clermont-Paris"},"content":{"rendered":"<p style=\"text-align: justify;\">Les choses avancent pour le choix du trac\u00e9 de la future LGV Clermont-Paris. L&#39;arriv\u00e9e du TGV repr\u00e9sente un enjeu majeur pour l&#39;avenir de l&#39;Auvergne qui ne peut plus rester si loin de la capitale. Le choix de ce trac\u00e9 est strat\u00e9gique et fait l&#39;objet de rudes batailles politiques. C&#39;est un choix qui prend en compte plusieurs crit\u00e8res : am\u00e9nagement du territoire, co\u00fbt, rentabilit\u00e9 de la future ligne&#8230;<\/p>\n<p style=\"text-align: justify;\">En prenant en compte l&#39;ensemble de ces crit\u00e8res, il me semble que le meilleur trac\u00e9 c&#39;est le m\u00e9dian qui passe par Roanne. C&#39;est le choix de la SNCF, lire <a href=\"http:\/\/www.lamontagne.fr\/editions_locales\/clermont_ferrand\/exclusif_tgv_clermont_paris_la_sncf_opte_pour_le_trace_median_par_nevers_audio_@CARGNjFdJSsAFB0BBho-.html\" target=\"_self\">ici<\/a>, et c&#39;est le choix le plus raisonnable. Je ne suis pas partisan du trac\u00e9 Ouest-Sud : trop cher et trop loin de certaines villes qui sont n\u00e9cessaires \u00e0 la rentabilit\u00e9 de la future ligne (Nevers et Moulin). Avec ce trac\u00e9, Clermont-Ferrand sera \u00e0 1h55 de Paris et Vichy sera \u00e0 1h30. C&#39;est tr\u00e8s bien comme cela. L&#39;objectif c&#39;est de mettre Paris \u00e0 moins de 2h de Clermont et avec ce trac\u00e9, l&#39;objectif est atteint.<\/p>\n<p style=\"text-align: justify;\"><a href=\"http:\/\/cebazatpourdemain.typepad.fr\/.a\/6a00d834522be769e20162fd77862d970d-pi\" style=\"display: inline;\"><img decoding=\"async\" alt=\"LGV\" border=\"0\" class=\"asset  asset-image at-xid-6a00d834522be769e20162fd77862d970d image-full\" src=\"http:\/\/cebazatpourdemain.typepad.fr\/.a\/6a00d834522be769e20162fd77862d970d-800wi\" title=\"LGV\" \/><\/a><\/p>\n<p>&#0160;<\/p>\n","protected":false},"excerpt":{"rendered":"<p>Les choses avancent pour le choix du trac\u00e9 de la future LGV Clermont-Paris. L&#39;arriv\u00e9e du TGV repr\u00e9sente un enjeu majeur pour l&#39;avenir de l&#39;Auvergne qui ne peut plus rester si loin de la capitale. Le choix de ce trac\u00e9 est strat\u00e9gique et fait l&#39;objet de rudes batailles politiques. C&#39;est un choix qui prend en compte&nbsp;<\/p>\n<p><a class=\"btn btn-style\" href=\"https:\/\/flavienneuvy.fr\/index.php\/2011\/12\/07\/le-bon-trace-pour-la-future-lgv-clermont-paris\/\">Continuer la lecture&#8230;<\/a><\/p>\n","protected":false},"author":1,"featured_media":0,"comment_status":"open","ping_status":"open","sticky":false,"template":"","format":"standard","meta":[],"categories":[2],"tags":[],"_links":{"self":[{"href":"https:\/\/flavienneuvy.fr\/index.php\/wp-json\/wp\/v2\/posts\/466"}],"collection":[{"href":"https:\/\/flavienneuvy.fr\/index.php\/wp-json\/wp\/v2\/posts"}],"about":[{"href":"https:\/\/flavienneuvy.fr\/index.php\/wp-json\/wp\/v2\/types\/post"}],"author":[{"embeddable":true,"href":"https:\/\/flavienneuvy.fr\/index.php\/wp-json\/wp\/v2\/users\/1"}],"replies":[{"embeddable":true,"href":"https:\/\/flavienneuvy.fr\/index.php\/wp-json\/wp\/v2\/comments?post=466"}],"version-history":[{"count":0,"href":"https:\/\/flavienneuvy.fr\/index.php\/wp-json\/wp\/v2\/posts\/466\/revisions"}],"wp:attachment":[{"href":"https:\/\/flavienneuvy.fr\/index.php\/wp-json\/wp\/v2\/media?parent=466"}],"wp:term":[{"taxonomy":"category","embeddable":true,"href":"https:\/\/flavienneuvy.fr\/index.php\/wp-json\/wp\/v2\/categories?post=466"},{"taxonomy":"post_tag","embeddable":true,"href":"https:\/\/flavienneuvy.fr\/index.php\/wp-json\/wp\/v2\/tags?post=466"}],"curies":[{"name":"wp","href":"https:\/\/api.w.org\/{rel}","templated":true}]}}