{"id":470,"date":"2011-12-01T07:17:45","date_gmt":"2011-12-01T06:17:45","guid":{"rendered":"http:\/\/flavienneuvy.fr\/index.php\/2011\/12\/01\/fortes-tensions-en-zone-euro\/"},"modified":"2011-12-01T07:17:45","modified_gmt":"2011-12-01T06:17:45","slug":"fortes-tensions-en-zone-euro","status":"publish","type":"post","link":"https:\/\/flavienneuvy.fr\/index.php\/2011\/12\/01\/fortes-tensions-en-zone-euro\/","title":{"rendered":"Fortes tensions en zone euro"},"content":{"rendered":"<p style=\"text-align: justify;\">Les actions concert\u00e9es des grandes banques centrales ont redonn\u00e9 un peu d&#39;oxyg\u00e8ne aux march\u00e9s financiers hier. Pour autant, les tensions restent tr\u00e8s vives sur le march\u00e9 des dettes souveraines. En quelques semaines, les \u00e9carts de rendements avec le Bund ont au mieux tripl\u00e9 (pour les Pays-Bas) et au pire quadrupl\u00e9 dans le cas de la France. Le 10 ans italien se situe \u00e0 des niveaux insoutenables. Sur le march\u00e9 secondaire, le papier \u00e0 10 ans se situe \u00e0 plus de 7%. La derni\u00e8re adjudication italienne \u00e0 11 ans s&#39;est faite \u00e0 7,56% ! M\u00eame l&#39;Allemagne a des difficult\u00e9s \u00e0 se financer puisque sa derni\u00e8re adjudication s&#39;est sold\u00e9e par un \u00e9chec. L&#39;ann\u00e9e prochaine, l&#39;ensemble des volumes d&#39;\u00e9missions dans la zone euro s&#39;\u00e9l\u00e8vera \u00e0 800 milliards d&#39;euros avec un appel net au march\u00e9 de 230 milliards. Ce dernier montant est en baisse par rapport \u00e0 celui ce cette ann\u00e9e (306 milliards), c&#39;est \u00e0 peu pr\u00e8s la seule bonne nouvelle.&#0160;<\/p>\n","protected":false},"excerpt":{"rendered":"<p>Les actions concert\u00e9es des grandes banques centrales ont redonn\u00e9 un peu d&#39;oxyg\u00e8ne aux march\u00e9s financiers hier. Pour autant, les tensions restent tr\u00e8s vives sur le march\u00e9 des dettes souveraines. En quelques semaines, les \u00e9carts de rendements avec le Bund ont au mieux tripl\u00e9 (pour les Pays-Bas) et au pire quadrupl\u00e9 dans le cas de la&nbsp;<\/p>\n<p><a class=\"btn btn-style\" href=\"https:\/\/flavienneuvy.fr\/index.php\/2011\/12\/01\/fortes-tensions-en-zone-euro\/\">Continuer la lecture&#8230;<\/a><\/p>\n","protected":false},"author":1,"featured_media":0,"comment_status":"open","ping_status":"open","sticky":false,"template":"","format":"standard","meta":[],"categories":[2],"tags":[],"_links":{"self":[{"href":"https:\/\/flavienneuvy.fr\/index.php\/wp-json\/wp\/v2\/posts\/470"}],"collection":[{"href":"https:\/\/flavienneuvy.fr\/index.php\/wp-json\/wp\/v2\/posts"}],"about":[{"href":"https:\/\/flavienneuvy.fr\/index.php\/wp-json\/wp\/v2\/types\/post"}],"author":[{"embeddable":true,"href":"https:\/\/flavienneuvy.fr\/index.php\/wp-json\/wp\/v2\/users\/1"}],"replies":[{"embeddable":true,"href":"https:\/\/flavienneuvy.fr\/index.php\/wp-json\/wp\/v2\/comments?post=470"}],"version-history":[{"count":0,"href":"https:\/\/flavienneuvy.fr\/index.php\/wp-json\/wp\/v2\/posts\/470\/revisions"}],"wp:attachment":[{"href":"https:\/\/flavienneuvy.fr\/index.php\/wp-json\/wp\/v2\/media?parent=470"}],"wp:term":[{"taxonomy":"category","embeddable":true,"href":"https:\/\/flavienneuvy.fr\/index.php\/wp-json\/wp\/v2\/categories?post=470"},{"taxonomy":"post_tag","embeddable":true,"href":"https:\/\/flavienneuvy.fr\/index.php\/wp-json\/wp\/v2\/tags?post=470"}],"curies":[{"name":"wp","href":"https:\/\/api.w.org\/{rel}","templated":true}]}}