{"id":480,"date":"2011-11-22T20:06:34","date_gmt":"2011-11-22T19:06:34","guid":{"rendered":"http:\/\/flavienneuvy.fr\/index.php\/2011\/11\/22\/meutre-dagnes-la-reaction-de-benoit-hamon-est-une-honte\/"},"modified":"2011-11-22T20:06:34","modified_gmt":"2011-11-22T19:06:34","slug":"meutre-dagnes-la-reaction-de-benoit-hamon-est-une-honte","status":"publish","type":"post","link":"https:\/\/flavienneuvy.fr\/index.php\/2011\/11\/22\/meutre-dagnes-la-reaction-de-benoit-hamon-est-une-honte\/","title":{"rendered":"Meurtre d&rsquo;Agn\u00e8s : la r\u00e9action de Beno\u00eet Hamon est une honte"},"content":{"rendered":"<p style=\"text-align: justify;\">Beno\u00eet Hamon, porte-parole du PS, a r\u00e9agi au viol et au meurtre d&#39;Agn\u00e8s. Son commentaire est le suivant : \u00abIl y a, comme d&#39;habitude, instrumentalisation du fait divers\u00bb, avant d&#39;ajouter \u00abc&#39;est particuli\u00e8rement naus\u00e9abond de voir la droite instrumentaliser de facto ce fait divers\u00bb. Lire <a href=\"http:\/\/www.20minutes.fr\/politique\/827426-meurtre-agnes-ps-denonce-instrumentalisation-nauseabonde-ump\" target=\"_self\">ici<\/a>.<\/p>\n<p style=\"text-align: justify;\">Monsieur Hamon pr\u00e9f\u00e8re parler des d\u00e9cisions prises par le gouvernement plut\u00f4t que d&#39;\u00e9voquer la m\u00e9moire d&#39;Agn\u00e8s et de faire des propositions. Cette d\u00e9claration est une honte absolue. Pour m\u00e9moire, les socialistes s&#39;\u00e9taient oppos\u00e9s \u00e0 la cr\u00e9ation de centres ferm\u00e9s. Andr\u00e9 Vallini, porte-parole de la campagne de Fran\u00e7ois Hollande pour  la justice a estim\u00e9 lundi, qu&#39;en 2002, la gauche avait eu tort  de s&#39;opposer \u00e0 la cr\u00e9ation de centres \u00e9ducatifs ferm\u00e9s.<\/p>\n","protected":false},"excerpt":{"rendered":"<p>Beno\u00eet Hamon, porte-parole du PS, a r\u00e9agi au viol et au meurtre d&#39;Agn\u00e8s. Son commentaire est le suivant : \u00abIl y a, comme d&#39;habitude, instrumentalisation du fait divers\u00bb, avant d&#39;ajouter \u00abc&#39;est particuli\u00e8rement naus\u00e9abond de voir la droite instrumentaliser de facto ce fait divers\u00bb. Lire ici. Monsieur Hamon pr\u00e9f\u00e8re parler des d\u00e9cisions prises par le gouvernement&nbsp;<\/p>\n<p><a class=\"btn btn-style\" href=\"https:\/\/flavienneuvy.fr\/index.php\/2011\/11\/22\/meutre-dagnes-la-reaction-de-benoit-hamon-est-une-honte\/\">Continuer la lecture&#8230;<\/a><\/p>\n","protected":false},"author":1,"featured_media":0,"comment_status":"open","ping_status":"open","sticky":false,"template":"","format":"standard","meta":[],"categories":[2],"tags":[],"_links":{"self":[{"href":"https:\/\/flavienneuvy.fr\/index.php\/wp-json\/wp\/v2\/posts\/480"}],"collection":[{"href":"https:\/\/flavienneuvy.fr\/index.php\/wp-json\/wp\/v2\/posts"}],"about":[{"href":"https:\/\/flavienneuvy.fr\/index.php\/wp-json\/wp\/v2\/types\/post"}],"author":[{"embeddable":true,"href":"https:\/\/flavienneuvy.fr\/index.php\/wp-json\/wp\/v2\/users\/1"}],"replies":[{"embeddable":true,"href":"https:\/\/flavienneuvy.fr\/index.php\/wp-json\/wp\/v2\/comments?post=480"}],"version-history":[{"count":0,"href":"https:\/\/flavienneuvy.fr\/index.php\/wp-json\/wp\/v2\/posts\/480\/revisions"}],"wp:attachment":[{"href":"https:\/\/flavienneuvy.fr\/index.php\/wp-json\/wp\/v2\/media?parent=480"}],"wp:term":[{"taxonomy":"category","embeddable":true,"href":"https:\/\/flavienneuvy.fr\/index.php\/wp-json\/wp\/v2\/categories?post=480"},{"taxonomy":"post_tag","embeddable":true,"href":"https:\/\/flavienneuvy.fr\/index.php\/wp-json\/wp\/v2\/tags?post=480"}],"curies":[{"name":"wp","href":"https:\/\/api.w.org\/{rel}","templated":true}]}}