{"id":481,"date":"2011-11-22T06:02:27","date_gmt":"2011-11-22T05:02:27","guid":{"rendered":"http:\/\/flavienneuvy.fr\/index.php\/2011\/11\/22\/gerard-collomb-je-ne-plierai-pas-devant-les-khmers-verts\/"},"modified":"2011-11-22T06:02:27","modified_gmt":"2011-11-22T05:02:27","slug":"gerard-collomb-je-ne-plierai-pas-devant-les-khmers-verts","status":"publish","type":"post","link":"https:\/\/flavienneuvy.fr\/index.php\/2011\/11\/22\/gerard-collomb-je-ne-plierai-pas-devant-les-khmers-verts\/","title":{"rendered":"G\u00e9rard Collomb : \u00a0\u00bb je ne plierai pas devant les Khmers verts \u00ab\u00a0"},"content":{"rendered":"<p style=\"text-align: justify;\">G\u00e9rard Collomb est un habitu\u00e9 des sorties fracassantes et, avec les \u00e9cologistes, il n&#39;y va pas avec le dos de la cuill\u00e8re. Il n&#39;a pas aim\u00e9, mais alors pas tout, l&#39;accord sign\u00e9 avec EELV puisque de nombreuses circonscriptions tenues par des d\u00e9put\u00e9s socialistes vont \u00eatre offertes \u00e0 des candidats \u00e9cologistes. C&#39;est pour cette raison qu&#39;il attaque fort en d\u00e9clarant qu&#39;il ne &quot;plierait pas devant les Khmers verts&quot;. D&#39;ailleurs, <a href=\"http:\/\/www.lefigaro.fr\/flash-actu\/2011\/11\/21\/97001-20111121FILWWW00684-ne-pas-plier-devant-les-khmers-verts.php\" target=\"_self\">Le Figaro<\/a> cite un exemple de &quot;terrorisme intellectuel&quot; avec un \u00e9lu \u00e9cologiste qui &quot;\u00e0 demand\u00e9 \u00e0 lire les sc\u00e9narios financ\u00e9s par Rh\u00f4ne-Alpes Cin\u00e9ma  -une de nos institutions culturelles- pour v\u00e9rifier s&#39;ils sont  politiquement corrects&quot;. Cette attitude est effectivement profond\u00e9ment choquante mais n&#39;est gu\u00e8re surprenante. Notons que Bertrand Delano\u00eb est dans le m\u00eame \u00e9tat d&#39;esprit et n&#39;accepte pas cet accord PS-EELV. Ils ont r\u00e9ussi \u00e0 se mettre \u00e0 dos les maires des deux plus grandes villes de France. Lire <a href=\"http:\/\/www.lexpress.fr\/actualites\/2\/actualite\/l-accord-ps-eelv-provoque-la-colere-de-delanoe-et-collomb_1051763.html\" target=\"_self\">ici<\/a>.<\/p>\n","protected":false},"excerpt":{"rendered":"<p>G\u00e9rard Collomb est un habitu\u00e9 des sorties fracassantes et, avec les \u00e9cologistes, il n&#39;y va pas avec le dos de la cuill\u00e8re. Il n&#39;a pas aim\u00e9, mais alors pas tout, l&#39;accord sign\u00e9 avec EELV puisque de nombreuses circonscriptions tenues par des d\u00e9put\u00e9s socialistes vont \u00eatre offertes \u00e0 des candidats \u00e9cologistes. C&#39;est pour cette raison qu&#39;il&nbsp;<\/p>\n<p><a class=\"btn btn-style\" href=\"https:\/\/flavienneuvy.fr\/index.php\/2011\/11\/22\/gerard-collomb-je-ne-plierai-pas-devant-les-khmers-verts\/\">Continuer la lecture&#8230;<\/a><\/p>\n","protected":false},"author":1,"featured_media":0,"comment_status":"open","ping_status":"open","sticky":false,"template":"","format":"standard","meta":[],"categories":[2],"tags":[],"_links":{"self":[{"href":"https:\/\/flavienneuvy.fr\/index.php\/wp-json\/wp\/v2\/posts\/481"}],"collection":[{"href":"https:\/\/flavienneuvy.fr\/index.php\/wp-json\/wp\/v2\/posts"}],"about":[{"href":"https:\/\/flavienneuvy.fr\/index.php\/wp-json\/wp\/v2\/types\/post"}],"author":[{"embeddable":true,"href":"https:\/\/flavienneuvy.fr\/index.php\/wp-json\/wp\/v2\/users\/1"}],"replies":[{"embeddable":true,"href":"https:\/\/flavienneuvy.fr\/index.php\/wp-json\/wp\/v2\/comments?post=481"}],"version-history":[{"count":0,"href":"https:\/\/flavienneuvy.fr\/index.php\/wp-json\/wp\/v2\/posts\/481\/revisions"}],"wp:attachment":[{"href":"https:\/\/flavienneuvy.fr\/index.php\/wp-json\/wp\/v2\/media?parent=481"}],"wp:term":[{"taxonomy":"category","embeddable":true,"href":"https:\/\/flavienneuvy.fr\/index.php\/wp-json\/wp\/v2\/categories?post=481"},{"taxonomy":"post_tag","embeddable":true,"href":"https:\/\/flavienneuvy.fr\/index.php\/wp-json\/wp\/v2\/tags?post=481"}],"curies":[{"name":"wp","href":"https:\/\/api.w.org\/{rel}","templated":true}]}}