{"id":482,"date":"2011-11-21T19:17:20","date_gmt":"2011-11-21T18:17:20","guid":{"rendered":"http:\/\/flavienneuvy.fr\/index.php\/2011\/11\/21\/viol-et-meurtre-dagnes-lemotion-est-considerable\/"},"modified":"2011-11-21T19:17:20","modified_gmt":"2011-11-21T18:17:20","slug":"viol-et-meurtre-dagnes-lemotion-est-considerable","status":"publish","type":"post","link":"https:\/\/flavienneuvy.fr\/index.php\/2011\/11\/21\/viol-et-meurtre-dagnes-lemotion-est-considerable\/","title":{"rendered":"Viol et meurtre d&rsquo;Agn\u00e8s : l&rsquo;\u00e9motion est consid\u00e9rable"},"content":{"rendered":"<p style=\"text-align: justify;\">Le calvaire v\u00e9cu par Agn\u00e8s, viol\u00e9e, tu\u00e9e et br\u00fbl\u00e9e par son assassin, bouleverse le pays. L&#39;\u00e9motion est consid\u00e9rable et tout le monde a une pens\u00e9e pour cette adolescente, ses parents et sa famille. Les photos de cette coll\u00e9gienne sans histoire sont visibles partout dans les journaux, tout le monde a pu voir son visage si doux et ce qu&#39;elle a subit glace le sang. Au del\u00e0 de l&#39;\u00e9motion, les questions sont nombreuses. Le criminel est un r\u00e9cidiviste : <strong>il a d\u00e9j\u00e0 effectu\u00e9 quatre mois de d\u00e9tention pr\u00e9ventive dans le cadre d\u2019une autre affaire de viol sur mineure dans des conditions \u00e9pouvantables. Pourquoi \u00e9tait-il plac\u00e9 dans un internat mixte sans aucune pr\u00e9caution ??????????? C&#39;est incroyable, scandaleux et le secret de l&#39;instruction ne doit permettre ce type d&#39;anomalies. <\/strong>Tout le monde sait que les criminels sexuels pr\u00e9sentent des risques de r\u00e9cidive importants et c&#39;est particuli\u00e8rement vrai pour ceux qui ont commis leur premier crime sexuel tr\u00e8s t\u00f4t, ce qui est le cas de l&#39;accus\u00e9. <strong><br \/><\/strong><\/p>\n","protected":false},"excerpt":{"rendered":"<p>Le calvaire v\u00e9cu par Agn\u00e8s, viol\u00e9e, tu\u00e9e et br\u00fbl\u00e9e par son assassin, bouleverse le pays. L&#39;\u00e9motion est consid\u00e9rable et tout le monde a une pens\u00e9e pour cette adolescente, ses parents et sa famille. Les photos de cette coll\u00e9gienne sans histoire sont visibles partout dans les journaux, tout le monde a pu voir son visage si&nbsp;<\/p>\n<p><a class=\"btn btn-style\" href=\"https:\/\/flavienneuvy.fr\/index.php\/2011\/11\/21\/viol-et-meurtre-dagnes-lemotion-est-considerable\/\">Continuer la lecture&#8230;<\/a><\/p>\n","protected":false},"author":1,"featured_media":0,"comment_status":"open","ping_status":"open","sticky":false,"template":"","format":"standard","meta":[],"categories":[2],"tags":[],"_links":{"self":[{"href":"https:\/\/flavienneuvy.fr\/index.php\/wp-json\/wp\/v2\/posts\/482"}],"collection":[{"href":"https:\/\/flavienneuvy.fr\/index.php\/wp-json\/wp\/v2\/posts"}],"about":[{"href":"https:\/\/flavienneuvy.fr\/index.php\/wp-json\/wp\/v2\/types\/post"}],"author":[{"embeddable":true,"href":"https:\/\/flavienneuvy.fr\/index.php\/wp-json\/wp\/v2\/users\/1"}],"replies":[{"embeddable":true,"href":"https:\/\/flavienneuvy.fr\/index.php\/wp-json\/wp\/v2\/comments?post=482"}],"version-history":[{"count":0,"href":"https:\/\/flavienneuvy.fr\/index.php\/wp-json\/wp\/v2\/posts\/482\/revisions"}],"wp:attachment":[{"href":"https:\/\/flavienneuvy.fr\/index.php\/wp-json\/wp\/v2\/media?parent=482"}],"wp:term":[{"taxonomy":"category","embeddable":true,"href":"https:\/\/flavienneuvy.fr\/index.php\/wp-json\/wp\/v2\/categories?post=482"},{"taxonomy":"post_tag","embeddable":true,"href":"https:\/\/flavienneuvy.fr\/index.php\/wp-json\/wp\/v2\/tags?post=482"}],"curies":[{"name":"wp","href":"https:\/\/api.w.org\/{rel}","templated":true}]}}