{"id":484,"date":"2011-11-18T08:22:33","date_gmt":"2011-11-18T07:22:33","guid":{"rendered":"http:\/\/flavienneuvy.fr\/index.php\/2011\/11\/18\/eva-joly-decouvre-la-realpolitik-et-boude\/"},"modified":"2011-11-18T08:22:33","modified_gmt":"2011-11-18T07:22:33","slug":"eva-joly-decouvre-la-realpolitik-et-boude","status":"publish","type":"post","link":"https:\/\/flavienneuvy.fr\/index.php\/2011\/11\/18\/eva-joly-decouvre-la-realpolitik-et-boude\/","title":{"rendered":"Eva Joly d\u00e9couvre la \u00ab\u00a0realpolitik\u00a0\u00bb et boude."},"content":{"rendered":"<p style=\"text-align: justify;\">Eva Joly n&#39;est pas contente, mais alors pas contente du tout. Elle a annul\u00e9 sa participation \u00e0 une \u00e9mission de t\u00e9l\u00e9vision, elle a annul\u00e9 tous ses rendez-vous et ne participera pas \u00e0 la prochaine r\u00e9union de la direction d&#39;EELV. Bref, elle boude. Elle a tr\u00e8s mal v\u00e9cu l&#39;accord sign\u00e9 avec le PS qui vient contredire tout ce qu&#39;elle a pu expliquer pendant des semaines : &quot;sans fermeture de Flamanville, pas d&#39;accord avec le PS&quot;. Or, l&#39;EPR de Flamanville ne sera pas ferm\u00e9 et il y a eu un accord. C&#39;est la &quot;realpolitik&quot; que vient de d\u00e9couvrir Eva Joly.<\/p>\n","protected":false},"excerpt":{"rendered":"<p>Eva Joly n&#39;est pas contente, mais alors pas contente du tout. Elle a annul\u00e9 sa participation \u00e0 une \u00e9mission de t\u00e9l\u00e9vision, elle a annul\u00e9 tous ses rendez-vous et ne participera pas \u00e0 la prochaine r\u00e9union de la direction d&#39;EELV. Bref, elle boude. Elle a tr\u00e8s mal v\u00e9cu l&#39;accord sign\u00e9 avec le PS qui vient contredire&nbsp;<\/p>\n<p><a class=\"btn btn-style\" href=\"https:\/\/flavienneuvy.fr\/index.php\/2011\/11\/18\/eva-joly-decouvre-la-realpolitik-et-boude\/\">Continuer la lecture&#8230;<\/a><\/p>\n","protected":false},"author":1,"featured_media":0,"comment_status":"open","ping_status":"open","sticky":false,"template":"","format":"standard","meta":[],"categories":[2],"tags":[],"_links":{"self":[{"href":"https:\/\/flavienneuvy.fr\/index.php\/wp-json\/wp\/v2\/posts\/484"}],"collection":[{"href":"https:\/\/flavienneuvy.fr\/index.php\/wp-json\/wp\/v2\/posts"}],"about":[{"href":"https:\/\/flavienneuvy.fr\/index.php\/wp-json\/wp\/v2\/types\/post"}],"author":[{"embeddable":true,"href":"https:\/\/flavienneuvy.fr\/index.php\/wp-json\/wp\/v2\/users\/1"}],"replies":[{"embeddable":true,"href":"https:\/\/flavienneuvy.fr\/index.php\/wp-json\/wp\/v2\/comments?post=484"}],"version-history":[{"count":0,"href":"https:\/\/flavienneuvy.fr\/index.php\/wp-json\/wp\/v2\/posts\/484\/revisions"}],"wp:attachment":[{"href":"https:\/\/flavienneuvy.fr\/index.php\/wp-json\/wp\/v2\/media?parent=484"}],"wp:term":[{"taxonomy":"category","embeddable":true,"href":"https:\/\/flavienneuvy.fr\/index.php\/wp-json\/wp\/v2\/categories?post=484"},{"taxonomy":"post_tag","embeddable":true,"href":"https:\/\/flavienneuvy.fr\/index.php\/wp-json\/wp\/v2\/tags?post=484"}],"curies":[{"name":"wp","href":"https:\/\/api.w.org\/{rel}","templated":true}]}}