{"id":488,"date":"2011-11-15T20:09:23","date_gmt":"2011-11-15T19:09:23","guid":{"rendered":"http:\/\/flavienneuvy.fr\/index.php\/2011\/11\/15\/le-mythe-de-la-croissance-verte\/"},"modified":"2011-11-15T20:09:23","modified_gmt":"2011-11-15T19:09:23","slug":"le-mythe-de-la-croissance-verte","status":"publish","type":"post","link":"https:\/\/flavienneuvy.fr\/index.php\/2011\/11\/15\/le-mythe-de-la-croissance-verte\/","title":{"rendered":"Le mythe de la croissance verte"},"content":{"rendered":"<p style=\"text-align: justify;\">Quand il s\u2019agit d\u2019\u00e9voquer les pistes pour relancer la croissance dans notre pays, les politiques n\u2019oublient jamais de mettre sur la table la fameuse \u00ab&#0160;croissance verte&#0160;\u00bb qui serait source de cr\u00e9ations d\u2019emplois. Un bon moyen de pousser certaines fili\u00e8res qui pr\u00e9senteraient donc le double avantage d\u2019une part de mieux pr\u00e9server les ressources de la plan\u00e8te et d\u2019autre part d\u2019\u00eatre cr\u00e9atrices de richesses et donc d\u2019emplois. Il y a quelques semaines, un article sur l\u2019\u00e9olien avait attir\u00e9 mon attention. Lire <a href=\"http:\/\/www.lemonde.fr\/planete\/article\/2011\/10\/31\/les-eoliennes-allemandes-de-plus-en-plus-souvent-au-chomage-technique_1596619_3244.html\" target=\"_self\">ici<\/a>. A la lecture de ce texte, on comprend que tout n\u2019est pas rose dans le monde merveilleux de l\u2019\u00e9olien. De l\u00e0 \u00e0 dire que l\u2019\u00e9olien c\u2019est du vent, il n\u2019y a qu\u2019un pas que certains ont d\u00e9j\u00e0 franchi. Lire <a href=\"http:\/\/www.actu-environnement.com\/ae\/news\/eolien_fed_ademe_emission_co2_5261.php4\" target=\"_self\">ici<\/a>. Toujours dans le monde des \u00e9nergies renouvelables, on apprend que le solaire europ\u00e9en est en train de couler \u00e0 pic. <a href=\"http:\/\/www.lesechos.fr\/entreprises-secteurs\/energie-environnement\/actu\/0201742527487-solaire-les-acteurs-europeens-luttent-pour-leur-survie-249037.php\" target=\"_self\">Les Echos<\/a> du jour montrent l\u2019ampleur des d\u00e9g\u00e2ts pour deux entreprises allemandes. Q-Cells a enregistr\u00e9 une perte d\u2019exploitation de 47 millions d\u2019euros pour le seul troisi\u00e8me trimestre avec un CA en baisse de 43%. L\u2019entreprise a annonc\u00e9 qu\u2019elle ferait d\u00e9faut sur le paiement d\u2019une obligation convertible qui arrive \u00e0 \u00e9ch\u00e9ance en f\u00e9vrier. Son cours de bourse a plong\u00e9 de 31% hier. SolarWord a vu de son c\u00f4t\u00e9 ses ventes chuter de 30%. Le 26 octobre dernier, le norv\u00e9gien REC a annonc\u00e9 la fermeture de 3 usines en Norv\u00e8ge. Un simple constat&#0160;: la fili\u00e8re d\u00e9truit des postes aujourd\u2019hui en Europe. Pourquoi&#0160;? Pour une raison simple&#0160;: les Chinois proposent et fabriquent des panneaux solaires \u00e0 des prix imbattables. En 2006 ils repr\u00e9sentaient 19% du march\u00e9 mondial des cellules solaires contre 60% aujourd\u2019hui. On le voit bien&#0160;: dire que notre salut passe par la \u00ab&#0160;croissance verte&#0160;\u00bb est un mythe total. La r\u00e9alit\u00e9 c\u2019est que la \u00ab&#0160;croissance verte&#0160;\u00bb est avant tout une croissance chinoise.<\/p>\n","protected":false},"excerpt":{"rendered":"<p>Quand il s\u2019agit d\u2019\u00e9voquer les pistes pour relancer la croissance dans notre pays, les politiques n\u2019oublient jamais de mettre sur la table la fameuse \u00ab&#0160;croissance verte&#0160;\u00bb qui serait source de cr\u00e9ations d\u2019emplois. Un bon moyen de pousser certaines fili\u00e8res qui pr\u00e9senteraient donc le double avantage d\u2019une part de mieux pr\u00e9server les ressources de la plan\u00e8te&nbsp;<\/p>\n<p><a class=\"btn btn-style\" href=\"https:\/\/flavienneuvy.fr\/index.php\/2011\/11\/15\/le-mythe-de-la-croissance-verte\/\">Continuer la lecture&#8230;<\/a><\/p>\n","protected":false},"author":1,"featured_media":0,"comment_status":"open","ping_status":"open","sticky":false,"template":"","format":"standard","meta":[],"categories":[2],"tags":[],"_links":{"self":[{"href":"https:\/\/flavienneuvy.fr\/index.php\/wp-json\/wp\/v2\/posts\/488"}],"collection":[{"href":"https:\/\/flavienneuvy.fr\/index.php\/wp-json\/wp\/v2\/posts"}],"about":[{"href":"https:\/\/flavienneuvy.fr\/index.php\/wp-json\/wp\/v2\/types\/post"}],"author":[{"embeddable":true,"href":"https:\/\/flavienneuvy.fr\/index.php\/wp-json\/wp\/v2\/users\/1"}],"replies":[{"embeddable":true,"href":"https:\/\/flavienneuvy.fr\/index.php\/wp-json\/wp\/v2\/comments?post=488"}],"version-history":[{"count":0,"href":"https:\/\/flavienneuvy.fr\/index.php\/wp-json\/wp\/v2\/posts\/488\/revisions"}],"wp:attachment":[{"href":"https:\/\/flavienneuvy.fr\/index.php\/wp-json\/wp\/v2\/media?parent=488"}],"wp:term":[{"taxonomy":"category","embeddable":true,"href":"https:\/\/flavienneuvy.fr\/index.php\/wp-json\/wp\/v2\/categories?post=488"},{"taxonomy":"post_tag","embeddable":true,"href":"https:\/\/flavienneuvy.fr\/index.php\/wp-json\/wp\/v2\/tags?post=488"}],"curies":[{"name":"wp","href":"https:\/\/api.w.org\/{rel}","templated":true}]}}