{"id":489,"date":"2011-11-14T19:33:29","date_gmt":"2011-11-14T18:33:29","guid":{"rendered":"http:\/\/flavienneuvy.fr\/index.php\/2011\/11\/14\/pas-daccord-possible-entre-le-ps-et-les-verts\/"},"modified":"2011-11-14T19:33:29","modified_gmt":"2011-11-14T18:33:29","slug":"pas-daccord-possible-entre-le-ps-et-les-verts","status":"publish","type":"post","link":"https:\/\/flavienneuvy.fr\/index.php\/2011\/11\/14\/pas-daccord-possible-entre-le-ps-et-les-verts\/","title":{"rendered":"Pas d\u2019accord possible entre le PS et les Verts ?"},"content":{"rendered":"<p style=\"text-align: justify;\">C\u2019est tr\u00e8s tendu entre le PS et les Verts qui n\u2019arrivent (pour le moment) pas \u00e0 trouver de terrain d\u2019entente en vue de la pr\u00e9sidentielle. Les \u00e9cologistes veulent la fin de l\u2019EPR de Flamanville et, d\u2019apr\u00e8s ce qu\u2019ils disent, ce n\u2019est pas n\u00e9gociable. Or, Fran\u00e7ois Hollande a clairement affirm\u00e9 que s\u2019il devait \u00eatre \u00e9lu pr\u00e9sident de la R\u00e9publique, l\u2019EPR ne serait pas arr\u00eat\u00e9. Verts de rage qu\u2019ils \u00e9taient les \u00e9cologistes (oui je sais le jeu de mots est un peu facile). Il faut dire qu\u2019ils ont beaucoup \u00e0 perdre. Sans accord, pas de groupe parlementaire \u00e0 l\u2019Assembl\u00e9e, pas de ministre. Le probl\u00e8me c\u2019est que Fran\u00e7ois Hollande peut se passer d\u2019eux avec&#0160; une Eva Joly qui pi\u00e9tine dans les sondages. Eva Joly est une mauvaise candidate qui n\u2019arrive pas \u00e0 s\u2019imposer dans cette campagne. Il ne se passe rien entre elle et les Fran\u00e7ais. C\u2019est peut-\u00eatre Cohn-Bendit qui avait raison, lui qui proposait que EELV ne pr\u00e9sente pas de candidat \u00e0 la pr\u00e9sidentielle pour pouvoir mieux n\u00e9gocier avec le PS qui ne peut pas compter non plus sur la gauche de la gauche avec M\u00e9lenchon qui a compar\u00e9 Hollande \u00e0 un &quot;capitaine de p\u00e9dalo&quot;. Ambiance, ambiance. Le r\u00e9sultat dans les sondages est imm\u00e9diat avec un recul des intentions de vote pour Fran\u00e7ois Hollande m\u00eame s&#39;il reste en t\u00eate pour le moment.&#0160;<\/p>\n","protected":false},"excerpt":{"rendered":"<p>C\u2019est tr\u00e8s tendu entre le PS et les Verts qui n\u2019arrivent (pour le moment) pas \u00e0 trouver de terrain d\u2019entente en vue de la pr\u00e9sidentielle. Les \u00e9cologistes veulent la fin de l\u2019EPR de Flamanville et, d\u2019apr\u00e8s ce qu\u2019ils disent, ce n\u2019est pas n\u00e9gociable. Or, Fran\u00e7ois Hollande a clairement affirm\u00e9 que s\u2019il devait \u00eatre \u00e9lu pr\u00e9sident&nbsp;<\/p>\n<p><a class=\"btn btn-style\" href=\"https:\/\/flavienneuvy.fr\/index.php\/2011\/11\/14\/pas-daccord-possible-entre-le-ps-et-les-verts\/\">Continuer la lecture&#8230;<\/a><\/p>\n","protected":false},"author":1,"featured_media":0,"comment_status":"open","ping_status":"open","sticky":false,"template":"","format":"standard","meta":[],"categories":[2],"tags":[],"_links":{"self":[{"href":"https:\/\/flavienneuvy.fr\/index.php\/wp-json\/wp\/v2\/posts\/489"}],"collection":[{"href":"https:\/\/flavienneuvy.fr\/index.php\/wp-json\/wp\/v2\/posts"}],"about":[{"href":"https:\/\/flavienneuvy.fr\/index.php\/wp-json\/wp\/v2\/types\/post"}],"author":[{"embeddable":true,"href":"https:\/\/flavienneuvy.fr\/index.php\/wp-json\/wp\/v2\/users\/1"}],"replies":[{"embeddable":true,"href":"https:\/\/flavienneuvy.fr\/index.php\/wp-json\/wp\/v2\/comments?post=489"}],"version-history":[{"count":0,"href":"https:\/\/flavienneuvy.fr\/index.php\/wp-json\/wp\/v2\/posts\/489\/revisions"}],"wp:attachment":[{"href":"https:\/\/flavienneuvy.fr\/index.php\/wp-json\/wp\/v2\/media?parent=489"}],"wp:term":[{"taxonomy":"category","embeddable":true,"href":"https:\/\/flavienneuvy.fr\/index.php\/wp-json\/wp\/v2\/categories?post=489"},{"taxonomy":"post_tag","embeddable":true,"href":"https:\/\/flavienneuvy.fr\/index.php\/wp-json\/wp\/v2\/tags?post=489"}],"curies":[{"name":"wp","href":"https:\/\/api.w.org\/{rel}","templated":true}]}}