{"id":490,"date":"2011-11-14T15:59:00","date_gmt":"2011-11-14T14:59:00","guid":{"rendered":"http:\/\/flavienneuvy.fr\/index.php\/2011\/11\/14\/la-region-alsace-et-ses-deux-departements-vont-se-regrouper\/"},"modified":"2011-11-14T15:59:00","modified_gmt":"2011-11-14T14:59:00","slug":"la-region-alsace-et-ses-deux-departements-vont-se-regrouper","status":"publish","type":"post","link":"https:\/\/flavienneuvy.fr\/index.php\/2011\/11\/14\/la-region-alsace-et-ses-deux-departements-vont-se-regrouper\/","title":{"rendered":"La r\u00e9gion Alsace et ses deux d\u00e9partements vont se regrouper"},"content":{"rendered":"<p style=\"text-align: justify;\">Il devrait y avoir une seule et unique assembl\u00e9e en Alsace en 2014 puisque le projet&#0160; de regrouper le Bas-Rhin, le Haut-Rhin et la r\u00e9gion Alsace sera propos\u00e9 par r\u00e9f\u00e9rendum avant fin 2012. Si cette d\u00e9marche devait aboutir, le nouveau Conseil d\u2019Alsace serait un exemple \u00e0 suivre pour les autres r\u00e9gions de France. Il y a trop de collectivit\u00e9s territoriales dans notre pays et une premi\u00e8re \u00e9tape pourrait \u00eatre de fusionner les d\u00e9partements avec les r\u00e9gions. Il pourrait donc y avoir le Conseil d\u2019Auvergne avec ses 4 d\u00e9partements. Les collectivit\u00e9s territoriales doivent faire des \u00e9conomies et les regrouper un moyen s\u00fbr d\u2019y parvenir.<\/p>\n","protected":false},"excerpt":{"rendered":"<p>Il devrait y avoir une seule et unique assembl\u00e9e en Alsace en 2014 puisque le projet&#0160; de regrouper le Bas-Rhin, le Haut-Rhin et la r\u00e9gion Alsace sera propos\u00e9 par r\u00e9f\u00e9rendum avant fin 2012. Si cette d\u00e9marche devait aboutir, le nouveau Conseil d\u2019Alsace serait un exemple \u00e0 suivre pour les autres r\u00e9gions de France. Il y&nbsp;<\/p>\n<p><a class=\"btn btn-style\" href=\"https:\/\/flavienneuvy.fr\/index.php\/2011\/11\/14\/la-region-alsace-et-ses-deux-departements-vont-se-regrouper\/\">Continuer la lecture&#8230;<\/a><\/p>\n","protected":false},"author":1,"featured_media":0,"comment_status":"open","ping_status":"open","sticky":false,"template":"","format":"standard","meta":[],"categories":[2],"tags":[],"_links":{"self":[{"href":"https:\/\/flavienneuvy.fr\/index.php\/wp-json\/wp\/v2\/posts\/490"}],"collection":[{"href":"https:\/\/flavienneuvy.fr\/index.php\/wp-json\/wp\/v2\/posts"}],"about":[{"href":"https:\/\/flavienneuvy.fr\/index.php\/wp-json\/wp\/v2\/types\/post"}],"author":[{"embeddable":true,"href":"https:\/\/flavienneuvy.fr\/index.php\/wp-json\/wp\/v2\/users\/1"}],"replies":[{"embeddable":true,"href":"https:\/\/flavienneuvy.fr\/index.php\/wp-json\/wp\/v2\/comments?post=490"}],"version-history":[{"count":0,"href":"https:\/\/flavienneuvy.fr\/index.php\/wp-json\/wp\/v2\/posts\/490\/revisions"}],"wp:attachment":[{"href":"https:\/\/flavienneuvy.fr\/index.php\/wp-json\/wp\/v2\/media?parent=490"}],"wp:term":[{"taxonomy":"category","embeddable":true,"href":"https:\/\/flavienneuvy.fr\/index.php\/wp-json\/wp\/v2\/categories?post=490"},{"taxonomy":"post_tag","embeddable":true,"href":"https:\/\/flavienneuvy.fr\/index.php\/wp-json\/wp\/v2\/tags?post=490"}],"curies":[{"name":"wp","href":"https:\/\/api.w.org\/{rel}","templated":true}]}}