{"id":497,"date":"2011-11-09T21:32:50","date_gmt":"2011-11-09T20:32:50","guid":{"rendered":"http:\/\/flavienneuvy.fr\/index.php\/2011\/11\/09\/le-tramway-de-clermont-ferrand-a-encore-deraille\/"},"modified":"2011-11-09T21:32:50","modified_gmt":"2011-11-09T20:32:50","slug":"le-tramway-de-clermont-ferrand-a-encore-deraille","status":"publish","type":"post","link":"https:\/\/flavienneuvy.fr\/index.php\/2011\/11\/09\/le-tramway-de-clermont-ferrand-a-encore-deraille\/","title":{"rendered":"Le tramway de Clermont-Ferrand a encore d\u00e9raill\u00e9 !"},"content":{"rendered":"<p style=\"text-align: justify;\">Le tramway de Clermont-Ferrand a encore d\u00e9raill\u00e9 ce matin aux Pistes. Pour m\u00e9moire, il avait d\u00e9j\u00e0 d\u00e9raill\u00e9 en d\u00e9but d&rsquo;ann\u00e9e. Lire <a href=\"http:\/\/www.lamontagne.fr\/editions_locales\/clermont_ferrand\/spectaculaire_desenraillement_du_tramway_cet_apres_midi_a_clermont_ferrand_photos_@CARGNjFdJSsBFRsEBBw-.html\" target=\"_self\">ici<\/a>. Cela commence \u00e0 faire beaucoup et pose la question de la fiabilit\u00e9 du syst\u00e8me retenu pour le tramway. C&rsquo;est inqui\u00e9tant.<\/p>\n<p style=\"text-align: center;\">&nbsp;<\/p>\n<div style=\"text-align: center;\"><iframe loading=\"lazy\" width=\"420\" height=\"315\" src=\"http:\/\/www.youtube.com\/embed\/IOo9QmWy2BU\" frameborder=\"0\" allowfullscreen><\/iframe><\/div>\n","protected":false},"excerpt":{"rendered":"<p>Le tramway de Clermont-Ferrand a encore d\u00e9raill\u00e9 ce matin aux Pistes. Pour m\u00e9moire, il avait d\u00e9j\u00e0 d\u00e9raill\u00e9 en d\u00e9but d&rsquo;ann\u00e9e. Lire ici. Cela commence \u00e0 faire beaucoup et pose la question de la fiabilit\u00e9 du syst\u00e8me retenu pour le tramway. C&rsquo;est inqui\u00e9tant. &nbsp;<\/p>\n","protected":false},"author":1,"featured_media":0,"comment_status":"open","ping_status":"open","sticky":false,"template":"","format":"standard","meta":[],"categories":[2],"tags":[67],"_links":{"self":[{"href":"https:\/\/flavienneuvy.fr\/index.php\/wp-json\/wp\/v2\/posts\/497"}],"collection":[{"href":"https:\/\/flavienneuvy.fr\/index.php\/wp-json\/wp\/v2\/posts"}],"about":[{"href":"https:\/\/flavienneuvy.fr\/index.php\/wp-json\/wp\/v2\/types\/post"}],"author":[{"embeddable":true,"href":"https:\/\/flavienneuvy.fr\/index.php\/wp-json\/wp\/v2\/users\/1"}],"replies":[{"embeddable":true,"href":"https:\/\/flavienneuvy.fr\/index.php\/wp-json\/wp\/v2\/comments?post=497"}],"version-history":[{"count":0,"href":"https:\/\/flavienneuvy.fr\/index.php\/wp-json\/wp\/v2\/posts\/497\/revisions"}],"wp:attachment":[{"href":"https:\/\/flavienneuvy.fr\/index.php\/wp-json\/wp\/v2\/media?parent=497"}],"wp:term":[{"taxonomy":"category","embeddable":true,"href":"https:\/\/flavienneuvy.fr\/index.php\/wp-json\/wp\/v2\/categories?post=497"},{"taxonomy":"post_tag","embeddable":true,"href":"https:\/\/flavienneuvy.fr\/index.php\/wp-json\/wp\/v2\/tags?post=497"}],"curies":[{"name":"wp","href":"https:\/\/api.w.org\/{rel}","templated":true}]}}