{"id":505,"date":"2011-11-03T10:24:00","date_gmt":"2011-11-03T09:24:00","guid":{"rendered":"http:\/\/flavienneuvy.fr\/index.php\/2011\/11\/03\/dominique-de-villepin-ne-sera-pas-candidat\/"},"modified":"2011-11-03T10:24:00","modified_gmt":"2011-11-03T09:24:00","slug":"dominique-de-villepin-ne-sera-pas-candidat","status":"publish","type":"post","link":"https:\/\/flavienneuvy.fr\/index.php\/2011\/11\/03\/dominique-de-villepin-ne-sera-pas-candidat\/","title":{"rendered":"Dominique de Villepin ne sera pas candidat"},"content":{"rendered":"<p style=\"text-align: justify;\">Les choses sont \u00e0 peu pr\u00e8s claires concernant Dominique de Villepin&#0160;: il ne sera pas candidat \u00e0 l\u2019\u00e9lection pr\u00e9sidentielle de l\u2019ann\u00e9e prochaine. Il n\u2019a pas les moyens financiers de se lancer dans la course et il ne dispose pas des \u00e9quipes n\u00e9cessaires pour mener une campagne aussi importante. Son groupuscule R\u00e9publique solidaire ne repr\u00e9sente rien et ses proches l\u2019ont quitt\u00e9 un par un. Pour Nicolas Sarkozy, cela fait un concurrent de moins pour le premier tour. Apr\u00e8s l\u2019abandon de Borloo, le voil\u00e0 d\u00e9barrass\u00e9 de D2V. D\u2019ailleurs, les deux hommes se sont rencontr\u00e9s longuement la semaine derni\u00e8re \u00e0 l\u2019Elys\u00e9e, pour enterrer la hache de guerre&#0160;? Il faudra trouver une porte de sortie pour l\u2019ancien premier ministre qui, de toute \u00e9vidence, n\u2019envisage pas de redevenir ministre. Un poste dans une grande organisation internationale est envisag\u00e9.<\/p>\n","protected":false},"excerpt":{"rendered":"<p>Les choses sont \u00e0 peu pr\u00e8s claires concernant Dominique de Villepin&#0160;: il ne sera pas candidat \u00e0 l\u2019\u00e9lection pr\u00e9sidentielle de l\u2019ann\u00e9e prochaine. Il n\u2019a pas les moyens financiers de se lancer dans la course et il ne dispose pas des \u00e9quipes n\u00e9cessaires pour mener une campagne aussi importante. Son groupuscule R\u00e9publique solidaire ne repr\u00e9sente rien&nbsp;<\/p>\n<p><a class=\"btn btn-style\" href=\"https:\/\/flavienneuvy.fr\/index.php\/2011\/11\/03\/dominique-de-villepin-ne-sera-pas-candidat\/\">Continuer la lecture&#8230;<\/a><\/p>\n","protected":false},"author":1,"featured_media":0,"comment_status":"open","ping_status":"open","sticky":false,"template":"","format":"standard","meta":[],"categories":[2],"tags":[],"_links":{"self":[{"href":"https:\/\/flavienneuvy.fr\/index.php\/wp-json\/wp\/v2\/posts\/505"}],"collection":[{"href":"https:\/\/flavienneuvy.fr\/index.php\/wp-json\/wp\/v2\/posts"}],"about":[{"href":"https:\/\/flavienneuvy.fr\/index.php\/wp-json\/wp\/v2\/types\/post"}],"author":[{"embeddable":true,"href":"https:\/\/flavienneuvy.fr\/index.php\/wp-json\/wp\/v2\/users\/1"}],"replies":[{"embeddable":true,"href":"https:\/\/flavienneuvy.fr\/index.php\/wp-json\/wp\/v2\/comments?post=505"}],"version-history":[{"count":0,"href":"https:\/\/flavienneuvy.fr\/index.php\/wp-json\/wp\/v2\/posts\/505\/revisions"}],"wp:attachment":[{"href":"https:\/\/flavienneuvy.fr\/index.php\/wp-json\/wp\/v2\/media?parent=505"}],"wp:term":[{"taxonomy":"category","embeddable":true,"href":"https:\/\/flavienneuvy.fr\/index.php\/wp-json\/wp\/v2\/categories?post=505"},{"taxonomy":"post_tag","embeddable":true,"href":"https:\/\/flavienneuvy.fr\/index.php\/wp-json\/wp\/v2\/tags?post=505"}],"curies":[{"name":"wp","href":"https:\/\/api.w.org\/{rel}","templated":true}]}}