{"id":507,"date":"2011-11-01T15:47:46","date_gmt":"2011-11-01T14:47:46","guid":{"rendered":"http:\/\/flavienneuvy.fr\/index.php\/2011\/11\/01\/demission-de-papandreou\/"},"modified":"2011-11-01T15:47:46","modified_gmt":"2011-11-01T14:47:46","slug":"demission-de-papandreou","status":"publish","type":"post","link":"https:\/\/flavienneuvy.fr\/index.php\/2011\/11\/01\/demission-de-papandreou\/","title":{"rendered":"D\u00e9mission de Papandreou ?"},"content":{"rendered":"<p>Il est possible que le premier ministre grec Georges Papandreou annonce cet apr\u00e8s-midi sa d\u00e9mission afin de provoquer de nouvelles \u00e9lections. A suivre dans les heures qui viennent.<\/p>\n","protected":false},"excerpt":{"rendered":"<p>Il est possible que le premier ministre grec Georges Papandreou annonce cet apr\u00e8s-midi sa d\u00e9mission afin de provoquer de nouvelles \u00e9lections. A suivre dans les heures qui viennent.<\/p>\n","protected":false},"author":1,"featured_media":0,"comment_status":"open","ping_status":"open","sticky":false,"template":"","format":"standard","meta":[],"categories":[2],"tags":[],"_links":{"self":[{"href":"https:\/\/flavienneuvy.fr\/index.php\/wp-json\/wp\/v2\/posts\/507"}],"collection":[{"href":"https:\/\/flavienneuvy.fr\/index.php\/wp-json\/wp\/v2\/posts"}],"about":[{"href":"https:\/\/flavienneuvy.fr\/index.php\/wp-json\/wp\/v2\/types\/post"}],"author":[{"embeddable":true,"href":"https:\/\/flavienneuvy.fr\/index.php\/wp-json\/wp\/v2\/users\/1"}],"replies":[{"embeddable":true,"href":"https:\/\/flavienneuvy.fr\/index.php\/wp-json\/wp\/v2\/comments?post=507"}],"version-history":[{"count":0,"href":"https:\/\/flavienneuvy.fr\/index.php\/wp-json\/wp\/v2\/posts\/507\/revisions"}],"wp:attachment":[{"href":"https:\/\/flavienneuvy.fr\/index.php\/wp-json\/wp\/v2\/media?parent=507"}],"wp:term":[{"taxonomy":"category","embeddable":true,"href":"https:\/\/flavienneuvy.fr\/index.php\/wp-json\/wp\/v2\/categories?post=507"},{"taxonomy":"post_tag","embeddable":true,"href":"https:\/\/flavienneuvy.fr\/index.php\/wp-json\/wp\/v2\/tags?post=507"}],"curies":[{"name":"wp","href":"https:\/\/api.w.org\/{rel}","templated":true}]}}