{"id":509,"date":"2011-10-28T17:30:00","date_gmt":"2011-10-28T16:30:00","guid":{"rendered":"http:\/\/flavienneuvy.fr\/index.php\/2011\/10\/28\/contre-le-droit-de-vote-des-etrangers\/"},"modified":"2011-10-28T17:30:00","modified_gmt":"2011-10-28T16:30:00","slug":"contre-le-droit-de-vote-des-etrangers","status":"publish","type":"post","link":"https:\/\/flavienneuvy.fr\/index.php\/2011\/10\/28\/contre-le-droit-de-vote-des-etrangers\/","title":{"rendered":"Contre le droit de vote des \u00e9trangers"},"content":{"rendered":"<p style=\"text-align: justify;\"><span style=\"font-family: andale mono,times; font-size: 11pt;\">Le S\u00e9nat examinera en s\u00e9ance le 8 d\u00e9cembre une proposition de loi PS  visant \u00e0 accorder le droit de vote aux \u00e9lections municipales des  \u00e9trangers hors-UE r\u00e9sidant en France, comme cela \u00e9tait pr\u00e9vu dans les 110 propositions de Fran\u00e7ois Mitterrand en 1981. Lire <a href=\"http:\/\/www.lours.org\/default.asp?pid=307\">la proposition 80.<\/a><\/span><\/p>\n<p style=\"text-align: justify;\"><span style=\"font-family: andale mono,times; font-size: 11pt;\">Je suis contre cette l&#39;id\u00e9e d&#39;accorder le droit de vote aux \u00e9trangers, y compris aux \u00e9lections locales. J&#39;ai d\u00e9ja expliqu\u00e9 pourquoi sur mon blog mais, comme le sujet est au coeur de l&#39;actualit\u00e9, je le fais de nouveau.<\/span><\/p>\n<p style=\"text-align: justify;\"><span style=\"font-family: andale mono,times; font-size: 11pt;\">Les d\u00e9fenseurs de cette id\u00e9e proposent d&#39;accorder le droit de vote aux  \u00e9lections municipales. Premi\u00e8re question : pourquoi parmi ceux qui sont favorables au droit de vote des \u00e9trangers nombreux sont ceux qui veulent le limiter aux seules \u00e9lections locales ? Il y aurait donc une R\u00e9publique \u00e0 plusieurs vitesses ? Si parmi les lecteurs de ce blog il y en a qui peuvent m&#39;expliquer ce point, je suis preneur d&#39;une discussion. <\/span><\/p>\n<p style=\"text-align: justify;\"><span style=\"font-family: andale mono,times; font-size: 11pt;\">Ensuite le principal argument avanc\u00e9 par ces m\u00eames personnes est  d&#39;expliquer qu&#39;\u00e0 partir du moment o\u00f9 les \u00e9trangers paient leurs imp\u00f4ts en France,  ils devraient avoir le droit de d\u00e9signer leurs \u00e9lus. Ah bon ? Payer des imp\u00f4ts=droit de vote ? Pour m\u00e9moire, notre r\u00e9publique fonctionne sur le  principe simple du peuple souverain. C&#39;est le peuple fran\u00e7ais qui  d\u00e9signe par le vote ses repr\u00e9sentants. Accorder le droit de vote aux  \u00e9trangers c&#39;est abandonner une partie de cette souverainet\u00e9. Ce n&#39;est  pas possible. Alors on pourrait objecter que les Europ\u00e9ens membres de  l&#39;UE peuvent d&#39;ores et d\u00e9j\u00e0 voter et se pr\u00e9senter aux \u00e9lections  municipales. Alors pourquoi pas les autres ? Deux r\u00e9ponses : d&#39;abord  nous avons un espace commun et des r\u00e8gles communes avec les pays des  \u00e9trangers concern\u00e9s par ce droit de vote, ensuite et surtout, il y a un principe  de r\u00e9ciprocit\u00e9. Si un Portugais habitant en France peut voter pour les  \u00e9lections municipales (et europ\u00e9ennes), l&#39;inverse est \u00e9galement vrai :  un Fran\u00e7ais peut voter aux m\u00eames \u00e9lections au Portugal. Si demain nous donnons la possibilit\u00e9 aux Chinois ou aux Tunisiens de voter en France, croyez-vous que les Fran\u00e7ais habitant en Chine ou en Tunusie feront de m\u00eame ? Non, bien s\u00fbr. Il n&#39;y a donc aucune raison de voter une telle loi.<br \/><\/span><\/p>\n<p style=\"text-align: justify;\"><span style=\"font-family: andale mono,times; font-size: 11pt;\">Je suis  donc d\u00e9favorable au droit de vote pour les \u00e9trangers. Ayant habit\u00e9  longtemps \u00e0 l&#39;\u00e9tranger avec mes parents, il ne nous est pas venu \u00e0  l&#39;esprit une seconde de nous m\u00ealer de la politique men\u00e9e par les  gouvernements des pays dans lesquels nous habitions. Cela ne nous  regardait pas et il \u00e9tait bien naturel de ne pas nous occuper des  affaires int\u00e9rieures de ces pays m\u00eame si mes parents payaient leurs  imp\u00f4ts sur place. D&#39;ailleurs les rares Fran\u00e7ais qui ont tent\u00e9 de  franchir la ligne jaune ont tous \u00e9t\u00e9 expuls\u00e9s manu militari.<\/span><\/p>\n<p style=\"text-align: justify;\">&#0160;<\/p>\n","protected":false},"excerpt":{"rendered":"<p>Le S\u00e9nat examinera en s\u00e9ance le 8 d\u00e9cembre une proposition de loi PS visant \u00e0 accorder le droit de vote aux \u00e9lections municipales des \u00e9trangers hors-UE r\u00e9sidant en France, comme cela \u00e9tait pr\u00e9vu dans les 110 propositions de Fran\u00e7ois Mitterrand en 1981. Lire la proposition 80. Je suis contre cette l&#39;id\u00e9e d&#39;accorder le droit de&nbsp;<\/p>\n<p><a class=\"btn btn-style\" href=\"https:\/\/flavienneuvy.fr\/index.php\/2011\/10\/28\/contre-le-droit-de-vote-des-etrangers\/\">Continuer la lecture&#8230;<\/a><\/p>\n","protected":false},"author":1,"featured_media":0,"comment_status":"open","ping_status":"open","sticky":false,"template":"","format":"standard","meta":[],"categories":[2],"tags":[],"_links":{"self":[{"href":"https:\/\/flavienneuvy.fr\/index.php\/wp-json\/wp\/v2\/posts\/509"}],"collection":[{"href":"https:\/\/flavienneuvy.fr\/index.php\/wp-json\/wp\/v2\/posts"}],"about":[{"href":"https:\/\/flavienneuvy.fr\/index.php\/wp-json\/wp\/v2\/types\/post"}],"author":[{"embeddable":true,"href":"https:\/\/flavienneuvy.fr\/index.php\/wp-json\/wp\/v2\/users\/1"}],"replies":[{"embeddable":true,"href":"https:\/\/flavienneuvy.fr\/index.php\/wp-json\/wp\/v2\/comments?post=509"}],"version-history":[{"count":0,"href":"https:\/\/flavienneuvy.fr\/index.php\/wp-json\/wp\/v2\/posts\/509\/revisions"}],"wp:attachment":[{"href":"https:\/\/flavienneuvy.fr\/index.php\/wp-json\/wp\/v2\/media?parent=509"}],"wp:term":[{"taxonomy":"category","embeddable":true,"href":"https:\/\/flavienneuvy.fr\/index.php\/wp-json\/wp\/v2\/categories?post=509"},{"taxonomy":"post_tag","embeddable":true,"href":"https:\/\/flavienneuvy.fr\/index.php\/wp-json\/wp\/v2\/tags?post=509"}],"curies":[{"name":"wp","href":"https:\/\/api.w.org\/{rel}","templated":true}]}}