{"id":514,"date":"2011-10-24T18:20:38","date_gmt":"2011-10-24T17:20:38","guid":{"rendered":"http:\/\/flavienneuvy.fr\/index.php\/2011\/10\/24\/segolene-royal-veut-etre-presidente-de-lassemblee-nationale\/"},"modified":"2011-10-24T18:20:38","modified_gmt":"2011-10-24T17:20:38","slug":"segolene-royal-veut-etre-presidente-de-lassemblee-nationale","status":"publish","type":"post","link":"https:\/\/flavienneuvy.fr\/index.php\/2011\/10\/24\/segolene-royal-veut-etre-presidente-de-lassemblee-nationale\/","title":{"rendered":"S\u00e9gol\u00e8ne Royal veut \u00eatre pr\u00e9sidente de l&rsquo;Assembl\u00e9e nationale"},"content":{"rendered":"<p style=\"text-align: justify;\">Les socialistes ont d\u00e9j\u00e0 gagn\u00e9 l&#39;\u00e9lection pr\u00e9sidentielle&#8230;Il en sont tellement s\u00fbrs qu&#39;ils se partagent les postes. C&#39;est ainsi que l&#39;on vient d&#39;apprendre que S\u00e9gol\u00e8ne Royal visait la pr\u00e9sidence de l&#39;Assembl\u00e9e nationale avec l&#39;accord de Fran\u00e7ois Hollande et de Martine Aubry.&#0160; Lire <a href=\"http:\/\/www.rue89.com\/2011\/10\/24\/segolene-royal-future-presidente-de-lassemblee-nationale-225891?utm_source=twitterfeed&amp;utm_medium=twitter\" target=\"_self\">ici<\/a>. Elle vient d&#39;ailleurs d&#39;annoncer sa candidature aux l\u00e9gislatives. Ceci voudrait donc dire qu&#39;elle d\u00e9missionnera de son poste de pr\u00e9sidente de r\u00e9gion puisqu&#39;elle est contre le cumul des mandats. A moins qu&#39;elle fasse comme Montebourg qui est contre le cumul des mandats mais pour les autres seulement puisque monsieur cumule&#8230;<\/p>\n","protected":false},"excerpt":{"rendered":"<p>Les socialistes ont d\u00e9j\u00e0 gagn\u00e9 l&#39;\u00e9lection pr\u00e9sidentielle&#8230;Il en sont tellement s\u00fbrs qu&#39;ils se partagent les postes. C&#39;est ainsi que l&#39;on vient d&#39;apprendre que S\u00e9gol\u00e8ne Royal visait la pr\u00e9sidence de l&#39;Assembl\u00e9e nationale avec l&#39;accord de Fran\u00e7ois Hollande et de Martine Aubry.&#0160; Lire ici. Elle vient d&#39;ailleurs d&#39;annoncer sa candidature aux l\u00e9gislatives. Ceci voudrait donc dire qu&#39;elle&nbsp;<\/p>\n<p><a class=\"btn btn-style\" href=\"https:\/\/flavienneuvy.fr\/index.php\/2011\/10\/24\/segolene-royal-veut-etre-presidente-de-lassemblee-nationale\/\">Continuer la lecture&#8230;<\/a><\/p>\n","protected":false},"author":1,"featured_media":0,"comment_status":"open","ping_status":"open","sticky":false,"template":"","format":"standard","meta":[],"categories":[2],"tags":[],"_links":{"self":[{"href":"https:\/\/flavienneuvy.fr\/index.php\/wp-json\/wp\/v2\/posts\/514"}],"collection":[{"href":"https:\/\/flavienneuvy.fr\/index.php\/wp-json\/wp\/v2\/posts"}],"about":[{"href":"https:\/\/flavienneuvy.fr\/index.php\/wp-json\/wp\/v2\/types\/post"}],"author":[{"embeddable":true,"href":"https:\/\/flavienneuvy.fr\/index.php\/wp-json\/wp\/v2\/users\/1"}],"replies":[{"embeddable":true,"href":"https:\/\/flavienneuvy.fr\/index.php\/wp-json\/wp\/v2\/comments?post=514"}],"version-history":[{"count":0,"href":"https:\/\/flavienneuvy.fr\/index.php\/wp-json\/wp\/v2\/posts\/514\/revisions"}],"wp:attachment":[{"href":"https:\/\/flavienneuvy.fr\/index.php\/wp-json\/wp\/v2\/media?parent=514"}],"wp:term":[{"taxonomy":"category","embeddable":true,"href":"https:\/\/flavienneuvy.fr\/index.php\/wp-json\/wp\/v2\/categories?post=514"},{"taxonomy":"post_tag","embeddable":true,"href":"https:\/\/flavienneuvy.fr\/index.php\/wp-json\/wp\/v2\/tags?post=514"}],"curies":[{"name":"wp","href":"https:\/\/api.w.org\/{rel}","templated":true}]}}