{"id":516,"date":"2011-10-24T11:58:43","date_gmt":"2011-10-24T10:58:43","guid":{"rendered":"http:\/\/flavienneuvy.fr\/index.php\/2011\/10\/24\/rachida-dati-attaque-fillon-et-se-decredibilise-une-fois-de-plus\/"},"modified":"2011-10-24T11:58:43","modified_gmt":"2011-10-24T10:58:43","slug":"rachida-dati-attaque-fillon-et-se-decredibilise-une-fois-de-plus","status":"publish","type":"post","link":"https:\/\/flavienneuvy.fr\/index.php\/2011\/10\/24\/rachida-dati-attaque-fillon-et-se-decredibilise-une-fois-de-plus\/","title":{"rendered":"Rachida Dati attaque Fillon et se d\u00e9cr\u00e9dibilise une fois de plus."},"content":{"rendered":"<p style=\"text-align: justify;\">Les propos tenus par Rachida Dati \u00e0 l&#39;encontre du Premier ministre sont inacceptables. Elle a accus\u00e9 Fran\u00e7ois Fillon d&#39;\u00eatre trop souvent \u00e0 l&#39;\u00e9tranger, de ne pas s&#39;occuper des Fran\u00e7ais et (surtout) de vouloir s&#39;implanter \u00e0 Paris en vue des prochaines municipales de 2014. Ces propos sont inacceptables surtout quand on sait que ce qui pr\u00e9occupe madame Dati c&#39;est de trouver une bonne circonscription en 2012 pour devenir d\u00e9put\u00e9e. Or Rachida Dati est d\u00e9j\u00e0 d\u00e9put\u00e9e au Parlement europ\u00e9en. Ce n&#39;est pas suffisant pour madame ? Elle exerce son mandat et puis c&#39;est tout. Il ne faut pas courir derri\u00e8re toutes les \u00e9lections. Rachida Dati m\u2019agace depuis bien longtemps. Lire <a href=\"http:\/\/cebazatpourdemain.typepad.fr\/cebazatpourdemain\/2009\/12\/insupportable-rachida-dati-.html\" target=\"_self\">insupportable Rachida Dati<\/a>.<\/p>\n","protected":false},"excerpt":{"rendered":"<p>Les propos tenus par Rachida Dati \u00e0 l&#39;encontre du Premier ministre sont inacceptables. Elle a accus\u00e9 Fran\u00e7ois Fillon d&#39;\u00eatre trop souvent \u00e0 l&#39;\u00e9tranger, de ne pas s&#39;occuper des Fran\u00e7ais et (surtout) de vouloir s&#39;implanter \u00e0 Paris en vue des prochaines municipales de 2014. Ces propos sont inacceptables surtout quand on sait que ce qui pr\u00e9occupe&nbsp;<\/p>\n<p><a class=\"btn btn-style\" href=\"https:\/\/flavienneuvy.fr\/index.php\/2011\/10\/24\/rachida-dati-attaque-fillon-et-se-decredibilise-une-fois-de-plus\/\">Continuer la lecture&#8230;<\/a><\/p>\n","protected":false},"author":1,"featured_media":0,"comment_status":"open","ping_status":"open","sticky":false,"template":"","format":"standard","meta":[],"categories":[2],"tags":[],"_links":{"self":[{"href":"https:\/\/flavienneuvy.fr\/index.php\/wp-json\/wp\/v2\/posts\/516"}],"collection":[{"href":"https:\/\/flavienneuvy.fr\/index.php\/wp-json\/wp\/v2\/posts"}],"about":[{"href":"https:\/\/flavienneuvy.fr\/index.php\/wp-json\/wp\/v2\/types\/post"}],"author":[{"embeddable":true,"href":"https:\/\/flavienneuvy.fr\/index.php\/wp-json\/wp\/v2\/users\/1"}],"replies":[{"embeddable":true,"href":"https:\/\/flavienneuvy.fr\/index.php\/wp-json\/wp\/v2\/comments?post=516"}],"version-history":[{"count":0,"href":"https:\/\/flavienneuvy.fr\/index.php\/wp-json\/wp\/v2\/posts\/516\/revisions"}],"wp:attachment":[{"href":"https:\/\/flavienneuvy.fr\/index.php\/wp-json\/wp\/v2\/media?parent=516"}],"wp:term":[{"taxonomy":"category","embeddable":true,"href":"https:\/\/flavienneuvy.fr\/index.php\/wp-json\/wp\/v2\/categories?post=516"},{"taxonomy":"post_tag","embeddable":true,"href":"https:\/\/flavienneuvy.fr\/index.php\/wp-json\/wp\/v2\/tags?post=516"}],"curies":[{"name":"wp","href":"https:\/\/api.w.org\/{rel}","templated":true}]}}