{"id":80,"date":"2014-09-08T07:44:25","date_gmt":"2014-09-08T06:44:25","guid":{"rendered":"http:\/\/flavienneuvy.fr\/index.php\/2014\/09\/08\/non-la-bce-ne-reste-pas-inactive\/"},"modified":"2014-09-08T07:44:25","modified_gmt":"2014-09-08T06:44:25","slug":"non-la-bce-ne-reste-pas-inactive","status":"publish","type":"post","link":"https:\/\/flavienneuvy.fr\/index.php\/2014\/09\/08\/non-la-bce-ne-reste-pas-inactive\/","title":{"rendered":"Non, la BCE ne reste pas inactive."},"content":{"rendered":"<p style=\"text-align: justify;\">La BCE a fait l&#39;objet de nombreuses critiques depuis le d\u00e9but de la crise financi\u00e8re en 2008. Et pourtant elle n&#39;est pas rest\u00e9e inactive, loin de l\u00e0. D&#39;ailleurs, si la zone euro n&#39;a pas explos\u00e9 en 2012 c&#39;est bien parce-que la BCE a lanc\u00e9 un programme de rachat d&#39;obligations&#0160;<a href=\"http:\/\/lexpansion.lexpress.fr\/actualite-economique\/en-direct-les-marches-saluent-les-rachats-de-dettes-illimites-de-la-bce_1355923.html\" target=\"_self\"><strong>baptis\u00e9 &quot;Outright monetary transactions&quot; (OMT) <\/strong><\/a>\u00e0 l&#39;\u00e9t\u00e9 2012. De m\u00eame, si les taux des emprunts d&#39;Etat ont plong\u00e9 depuis 2 ans, c&#39;est bien gr\u00e2ce \u00e0 cette intervention. L&#39;OAT fran\u00e7aise est tomb\u00e9e \u00e0 moins de 1,3% malgr\u00e9 notre dette \u00e9crasante. Mais visiblement, tout le monde a d\u00e9ja oubli\u00e9 ce programme puisque la BCE fait toujours l&#39;objet de nombreuses critiques. En France, quand on a des probl\u00e8mes, ce n&#39;est jamais de notre faute. Il faut toujours aller chercher un bouc \u00e9missaire. La BCE est souvent un bouc \u00e9missaire id\u00e9al. Or, elle agit encore et toujours. Ses derni\u00e8res annonces sont spectaculaires. La semaine derni\u00e8re, elle a annonc\u00e9 une nouvelle baisse de son taux refi \u00e0 0,05%. Par ailleurs, la BCE va racheter des ABS et des Covered bonds (elle l&#39;avait fait en 2010 et 2011). L&#39;objectif est bien s\u00fbr d&#39;essayer de relancer la machine \u00e9conomique au sein d&#39;une zone euro au bord de la d\u00e9flation. En agissante de la sorte, la BCE esp\u00e8re \u00e9galement agir sur les taux de change. De ce point de vue, c&#39;est plut\u00f4t r\u00e9ussi puisque l&#39;euro\/dollar est pass\u00e9 sous les 1,30 la semaine derni\u00e8re. depuis mars, l&#39;euro a perdu plus de 7% face au dollar.&#0160;<\/p>\n","protected":false},"excerpt":{"rendered":"<p>La BCE a fait l&#39;objet de nombreuses critiques depuis le d\u00e9but de la crise financi\u00e8re en 2008. Et pourtant elle n&#39;est pas rest\u00e9e inactive, loin de l\u00e0. D&#39;ailleurs, si la zone euro n&#39;a pas explos\u00e9 en 2012 c&#39;est bien parce-que la BCE a lanc\u00e9 un programme de rachat d&#39;obligations&#0160;baptis\u00e9 &quot;Outright monetary transactions&quot; (OMT) \u00e0 l&#39;\u00e9t\u00e9&nbsp;<\/p>\n<p><a class=\"btn btn-style\" href=\"https:\/\/flavienneuvy.fr\/index.php\/2014\/09\/08\/non-la-bce-ne-reste-pas-inactive\/\">Continuer la lecture&#8230;<\/a><\/p>\n","protected":false},"author":1,"featured_media":0,"comment_status":"open","ping_status":"open","sticky":false,"template":"","format":"standard","meta":[],"categories":[2,3],"tags":[],"_links":{"self":[{"href":"https:\/\/flavienneuvy.fr\/index.php\/wp-json\/wp\/v2\/posts\/80"}],"collection":[{"href":"https:\/\/flavienneuvy.fr\/index.php\/wp-json\/wp\/v2\/posts"}],"about":[{"href":"https:\/\/flavienneuvy.fr\/index.php\/wp-json\/wp\/v2\/types\/post"}],"author":[{"embeddable":true,"href":"https:\/\/flavienneuvy.fr\/index.php\/wp-json\/wp\/v2\/users\/1"}],"replies":[{"embeddable":true,"href":"https:\/\/flavienneuvy.fr\/index.php\/wp-json\/wp\/v2\/comments?post=80"}],"version-history":[{"count":0,"href":"https:\/\/flavienneuvy.fr\/index.php\/wp-json\/wp\/v2\/posts\/80\/revisions"}],"wp:attachment":[{"href":"https:\/\/flavienneuvy.fr\/index.php\/wp-json\/wp\/v2\/media?parent=80"}],"wp:term":[{"taxonomy":"category","embeddable":true,"href":"https:\/\/flavienneuvy.fr\/index.php\/wp-json\/wp\/v2\/categories?post=80"},{"taxonomy":"post_tag","embeddable":true,"href":"https:\/\/flavienneuvy.fr\/index.php\/wp-json\/wp\/v2\/tags?post=80"}],"curies":[{"name":"wp","href":"https:\/\/api.w.org\/{rel}","templated":true}]}}