{"id":809,"date":"2010-11-16T23:08:12","date_gmt":"2010-11-16T22:08:12","guid":{"rendered":"http:\/\/flavienneuvy.fr\/index.php\/2010\/11\/16\/eric-woerth-a-la-porte-a-cause-duwoerthgate\/"},"modified":"2010-11-16T23:08:12","modified_gmt":"2010-11-16T22:08:12","slug":"eric-woerth-a-la-porte-a-cause-duwoerthgate","status":"publish","type":"post","link":"https:\/\/flavienneuvy.fr\/index.php\/2010\/11\/16\/eric-woerth-a-la-porte-a-cause-duwoerthgate\/","title":{"rendered":"Eric Woerth \u00e0 la porte \u00e0 cause du&#8230;Woerthgate&#8230;"},"content":{"rendered":"<p>La politique est parfois cruelle et Eric Woerth vient d&#39;en faire l&#39;am\u00e8re exp\u00e9rience. Il vient d&#39;\u00eatre \u00e9cart\u00e9 du nouveau gouvernement Fillon malgr\u00e9 ses messages envoy\u00e9s au Pr\u00e9sident de la R\u00e9publique indiquant qu&#39;il souhaitait rester ministre. Il y croyait, lui le fid\u00e8le ministre, lui qui a port\u00e9 la r\u00e9forme des retraites, lui que certains voyaient il y a moins de 6 mois comme un possible premier ministre&#8230;En politique les choses vont tellement vite. Mais le Woerthgate est pass\u00e9 par l\u00e0. L&#39;affaire Bettencourt a eu raison de ce fid\u00e8le soldat et les nuages judiciaires s&#39;accumulent au dessus de sa t\u00eate (on a appris aujourd&#39;hui que la Cour de justice de la R\u00e9publique va peut-\u00eatre enqu\u00eater sur la cession de l&#39;hippodrome de Compi\u00e8gne).<br \/>\nje trouve que malgr\u00e9 sa d\u00e9ception palpable,Eric Woerth est rest\u00e9 d&#39;une dignit\u00e9 absolue lors de la passation de pouvoir. A l&#39;inverse, je trouve  minables les propos de certains ex-ministres qui, une fois \u00e0 l&#39;ext\u00e9rieur du gouvernement, crachent leur venin. D\u00e8s qu&#39;ils ont quitt\u00e9 la table, et apr\u00e8s avoir bien mang\u00e9, ils crachent dans la soupe.<\/p>\n","protected":false},"excerpt":{"rendered":"<p>La politique est parfois cruelle et Eric Woerth vient d&#39;en faire l&#39;am\u00e8re exp\u00e9rience. Il vient d&#39;\u00eatre \u00e9cart\u00e9 du nouveau gouvernement Fillon malgr\u00e9 ses messages envoy\u00e9s au Pr\u00e9sident de la R\u00e9publique indiquant qu&#39;il souhaitait rester ministre. Il y croyait, lui le fid\u00e8le ministre, lui qui a port\u00e9 la r\u00e9forme des retraites, lui que certains voyaient il&nbsp;<\/p>\n<p><a class=\"btn btn-style\" href=\"https:\/\/flavienneuvy.fr\/index.php\/2010\/11\/16\/eric-woerth-a-la-porte-a-cause-duwoerthgate\/\">Continuer la lecture&#8230;<\/a><\/p>\n","protected":false},"author":1,"featured_media":0,"comment_status":"open","ping_status":"open","sticky":false,"template":"","format":"standard","meta":[],"categories":[2],"tags":[],"_links":{"self":[{"href":"https:\/\/flavienneuvy.fr\/index.php\/wp-json\/wp\/v2\/posts\/809"}],"collection":[{"href":"https:\/\/flavienneuvy.fr\/index.php\/wp-json\/wp\/v2\/posts"}],"about":[{"href":"https:\/\/flavienneuvy.fr\/index.php\/wp-json\/wp\/v2\/types\/post"}],"author":[{"embeddable":true,"href":"https:\/\/flavienneuvy.fr\/index.php\/wp-json\/wp\/v2\/users\/1"}],"replies":[{"embeddable":true,"href":"https:\/\/flavienneuvy.fr\/index.php\/wp-json\/wp\/v2\/comments?post=809"}],"version-history":[{"count":0,"href":"https:\/\/flavienneuvy.fr\/index.php\/wp-json\/wp\/v2\/posts\/809\/revisions"}],"wp:attachment":[{"href":"https:\/\/flavienneuvy.fr\/index.php\/wp-json\/wp\/v2\/media?parent=809"}],"wp:term":[{"taxonomy":"category","embeddable":true,"href":"https:\/\/flavienneuvy.fr\/index.php\/wp-json\/wp\/v2\/categories?post=809"},{"taxonomy":"post_tag","embeddable":true,"href":"https:\/\/flavienneuvy.fr\/index.php\/wp-json\/wp\/v2\/tags?post=809"}],"curies":[{"name":"wp","href":"https:\/\/api.w.org\/{rel}","templated":true}]}}