{"id":81,"date":"2014-09-03T22:58:26","date_gmt":"2014-09-03T21:58:26","guid":{"rendered":"http:\/\/flavienneuvy.fr\/index.php\/2014\/09\/03\/le-pire-quinquennat-de-la-5eme-republique\/"},"modified":"2014-09-03T22:58:26","modified_gmt":"2014-09-03T21:58:26","slug":"le-pire-quinquennat-de-la-5eme-republique","status":"publish","type":"post","link":"https:\/\/flavienneuvy.fr\/index.php\/2014\/09\/03\/le-pire-quinquennat-de-la-5eme-republique\/","title":{"rendered":"Le pire quinquennat de la 5\u00e8me R\u00e9publique ?"},"content":{"rendered":"<p style=\"text-align: justify;\">Pas une semaine sans une nouvelle douche froide pour Fran\u00e7ois Hollande. Apr\u00e8s le remaniement \u00e9clair de la semaine derni\u00e8re voici le livre scandale de Val\u00e9rie Trierweiller. Un vrai d\u00e9sastre pour Fran\u00e7ois Hollande. Certaines r\u00e9v\u00e9lations sont d\u00e9vastatrices pour un pr\u00e9sident au plus bas dans les sondages. En 2012 j&#39;avais vot\u00e9 pour Nicolas Sarkozy malgr\u00e9 de nombreuses d\u00e9ceptions concernant son mandat. Je ne m&#39;attendais donc pas \u00e0 un mandat extraordinaire de Fran\u00e7ois Hollande. Mais c&#39;est pire que ce je pouvais imaginer. Les r\u00e9sultats des d\u00e9cisions politiques prises depuis 2012 portent leurs fruits : ch\u00f4mage au plus haut, d\u00e9ficits non ma\u00eetris\u00e9s, croissance nulle. La loi ALUR en est l&#39;exemple type : Hollande avait annonc\u00e9 500 000 logements neufs par an, la loi voulue par C\u00e9cile Duflot a fait plonger le secteur.<\/p>\n<p style=\"text-align: justify;\">Bref, ce quinquennat tourne au cauchemar pour Fran\u00e7ois Hollande. Val\u00e9rie Trierweiler porte le coup de gr\u00e2ce avec son livre qui donne une bien triste image du pr\u00e9sident. Lui qui, en plus, avait promis de bien s\u00e9parer sa vie publique de sa vie priv\u00e9e. Pour moi, c&#39;est fini : Hollande ne pourra plus remonter la pente d&#39;ici 2017. Il n&#39;a strictement aucune chance de remporter la prochaine \u00e9lection pr\u00e9sidentielle. Du coup, j&#39;en arrive m\u00eame \u00e0 me demander si Fran\u00e7ois Hollande se repr\u00e9sentera. Il avait laisser entendre en avril dernier qu&#39;il pourrait <a href=\"http:\/\/www.france24.com\/fr\/20140418-hollande-representera-2017-chomage-baisse-candidat\/\" target=\"_self\">ne pas concourir<\/a>&#0160;en 2017.<\/p>\n<p style=\"text-align: justify;\">Au final, je me demande ce que l&#39;histoire retiendra de ces ann\u00e9es Hollande. Peut-\u00eatre que nous vivons le pire quinquennat de l&#39;histoire de la V\u00e8me R\u00e9publique.&#0160;<\/p>\n<p style=\"text-align: justify;\">&#0160;<\/p>\n","protected":false},"excerpt":{"rendered":"<p>Pas une semaine sans une nouvelle douche froide pour Fran\u00e7ois Hollande. Apr\u00e8s le remaniement \u00e9clair de la semaine derni\u00e8re voici le livre scandale de Val\u00e9rie Trierweiller. Un vrai d\u00e9sastre pour Fran\u00e7ois Hollande. Certaines r\u00e9v\u00e9lations sont d\u00e9vastatrices pour un pr\u00e9sident au plus bas dans les sondages. En 2012 j&#39;avais vot\u00e9 pour Nicolas Sarkozy malgr\u00e9 de nombreuses&nbsp;<\/p>\n<p><a class=\"btn btn-style\" href=\"https:\/\/flavienneuvy.fr\/index.php\/2014\/09\/03\/le-pire-quinquennat-de-la-5eme-republique\/\">Continuer la lecture&#8230;<\/a><\/p>\n","protected":false},"author":1,"featured_media":0,"comment_status":"open","ping_status":"open","sticky":false,"template":"","format":"standard","meta":[],"categories":[2],"tags":[],"_links":{"self":[{"href":"https:\/\/flavienneuvy.fr\/index.php\/wp-json\/wp\/v2\/posts\/81"}],"collection":[{"href":"https:\/\/flavienneuvy.fr\/index.php\/wp-json\/wp\/v2\/posts"}],"about":[{"href":"https:\/\/flavienneuvy.fr\/index.php\/wp-json\/wp\/v2\/types\/post"}],"author":[{"embeddable":true,"href":"https:\/\/flavienneuvy.fr\/index.php\/wp-json\/wp\/v2\/users\/1"}],"replies":[{"embeddable":true,"href":"https:\/\/flavienneuvy.fr\/index.php\/wp-json\/wp\/v2\/comments?post=81"}],"version-history":[{"count":0,"href":"https:\/\/flavienneuvy.fr\/index.php\/wp-json\/wp\/v2\/posts\/81\/revisions"}],"wp:attachment":[{"href":"https:\/\/flavienneuvy.fr\/index.php\/wp-json\/wp\/v2\/media?parent=81"}],"wp:term":[{"taxonomy":"category","embeddable":true,"href":"https:\/\/flavienneuvy.fr\/index.php\/wp-json\/wp\/v2\/categories?post=81"},{"taxonomy":"post_tag","embeddable":true,"href":"https:\/\/flavienneuvy.fr\/index.php\/wp-json\/wp\/v2\/tags?post=81"}],"curies":[{"name":"wp","href":"https:\/\/api.w.org\/{rel}","templated":true}]}}