{"id":811,"date":"2010-11-14T21:16:28","date_gmt":"2010-11-14T20:16:28","guid":{"rendered":"http:\/\/flavienneuvy.fr\/index.php\/2010\/11\/14\/la-composition-du-nouveau-gouvernement\/"},"modified":"2010-11-14T21:16:28","modified_gmt":"2010-11-14T20:16:28","slug":"la-composition-du-nouveau-gouvernement","status":"publish","type":"post","link":"https:\/\/flavienneuvy.fr\/index.php\/2010\/11\/14\/la-composition-du-nouveau-gouvernement\/","title":{"rendered":"La composition du nouveau gouvernement"},"content":{"rendered":"<p>M. Alain Jupp\u00e9, ministre d\u2019Etat, ministre de la d\u00e9fense et des anciens combattants ;<br \/>\nMme Mich\u00e8le Alliot-Marie, ministre d\u2019Etat, ministre des affaires \u00e9trang\u00e8res et europ\u00e9ennes ;<br \/>\nMme Nathalie Kosciusko-Morizet, ministre de l\u2019\u00e9cologie, du d\u00e9veloppement durable, des transports et du logement ;<br \/>\nM. Michel Mercier, garde des sceaux, ministre de la justice et des libert\u00e9s ;<br \/>\nM. Brice Hortefeux, ministre de l\u2019int\u00e9rieur, de l\u2019outre-mer, des collectivit\u00e9s territoriales et de l\u2019immigration ;<br \/>\nMme Christine Lagarde, ministre de l\u2019\u00e9conomie, des finances et de l\u2019industrie ;<br \/>\nM. Xavier Bertrand, ministre du travail, de l\u2019emploi et de la sant\u00e9 ;<br \/>\nM. Luc Chatel, ministre de l\u2019\u00e9ducation nationale, de la jeunesse et de la vie associative ;<br \/>\nM. Fran\u00e7ois Baroin, ministre du budget, des comptes publics, de la fonction publique et de la r\u00e9forme de l\u2019Etat, porte-parole du Gouvernement ;<br \/>\nMme Val\u00e9rie P\u00e9cresse, ministre de l\u2019enseignement sup\u00e9rieur et de la recherche ;<br \/>\nM. Bruno Le Maire, ministre de l\u2019agriculture, de l\u2019alimentation, de la p\u00eache, de la ruralit\u00e9 et de l\u2019am\u00e9nagement du territoire ;<br \/>\nM. Fr\u00e9d\u00e9ric Mitterrand, ministre de la culture et de la communication ;<br \/>\nMme Roselyne Bachelot-Narquin, ministre des solidarit\u00e9s et de la coh\u00e9sion sociale ;<br \/>\nM. Maurice Leroy, ministre de la ville ;<br \/>\nMme Chantal Jouanno, ministre des sports ;<br \/>\nM. Patrick Ollier, ministre aupr\u00e8s du Premier ministre, charg\u00e9 des relations avec le Parlement ;<br \/>\nM. Eric Besson, ministre aupr\u00e8s de la ministre de l\u2019\u00e9conomie, des finances et de l\u2019industrie, charg\u00e9 de l\u2019industrie, de l\u2019\u00e9nergie et de l\u2019\u00e9conomie num\u00e9rique ;<br \/>\nM. Henri de Raincourt, ministre aupr\u00e8s de la ministre d\u2019Etat, ministre des affaires \u00e9trang\u00e8res et europ\u00e9ennes, charg\u00e9 de la coop\u00e9ration ;<br \/>\nM. Philippe Richert, ministre aupr\u00e8s du ministre de l\u2019int\u00e9rieur, de l\u2019outre-mer, des collectivit\u00e9s territoriales et de l\u2019immigration, charg\u00e9 des collectivit\u00e9s territoriales ;<br \/>\nM. Laurent Wauquiez, ministre aupr\u00e8s de la ministre d\u2019Etat, ministre des affaires \u00e9trang\u00e8res et europ\u00e9ennes, charg\u00e9 des affaires europ\u00e9ennes ;<br \/>\nMme Nadine Morano, ministre aupr\u00e8s du ministre du travail, de l\u2019emploi et de la sant\u00e9, charg\u00e9e de l\u2019apprentissage et de la formation professionnelle.<br \/>\nMme Marie-Luce Penchard, ministre aupr\u00e8s du ministre de l\u2019int\u00e9rieur, de l\u2019outre-mer, des collectivit\u00e9s territoriales et de l\u2019immigration, charg\u00e9e de l\u2019outre-mer ;<br \/>\nM. Pierre Lellouche, secr\u00e9taire d\u2019Etat aupr\u00e8s de la ministre de l\u2019\u00e9conomie, des finances et de l\u2019industrie, charg\u00e9 du commerce ext\u00e9rieur ;<br \/>\nMme Nora Berra, secr\u00e9taire d\u2019Etat aupr\u00e8s du ministre du travail, de l\u2019emploi et de la sant\u00e9, charg\u00e9e de la sant\u00e9 ;<br \/>\nM. Benoist Apparu, secr\u00e9taire d\u2019Etat aupr\u00e8s de la ministre de l\u2019\u00e9cologie, du d\u00e9veloppement durable, des transports et du logement, charg\u00e9 du logement ;<br \/>\nM. Georges Tron, secr\u00e9taire d\u2019Etat aupr\u00e8s du ministre du budget, des comptes publics, de la fonction publique et de la r\u00e9forme de l\u2019Etat, charg\u00e9 de la fonction publique ;<br \/>\nMme Marie-Anne Montchamp, secr\u00e9taire d\u2019Etat aupr\u00e8s de la ministre des solidarit\u00e9s et de la coh\u00e9sion sociale ;<br \/>\nM. Thierry Mariani, secr\u00e9taire d\u2019Etat aupr\u00e8s de la ministre de l\u2019\u00e9cologie, du d\u00e9veloppement durable, des transports et du logement, charg\u00e9 des transports ;<br \/>\nM. Fr\u00e9d\u00e9ric Lef\u00e8bvre, secr\u00e9taire d\u2019Etat aupr\u00e8s de la ministre de l\u2019\u00e9conomie, des finances et de l\u2019industrie, charg\u00e9 du commerce, de l\u2019artisanat, des petites et moyennes entreprises, du tourisme, des services, des professions lib\u00e9rales et de la consommation ;<br \/>\nMme Jeannette Bougrab, secr\u00e9taire d\u2019Etat aupr\u00e8s du ministre de l\u2019\u00e9ducation nationale, de la jeunesse et de la vie associative, charg\u00e9e de la jeunesse et de la vie associative.<\/p>\n","protected":false},"excerpt":{"rendered":"<p>M. Alain Jupp\u00e9, ministre d\u2019Etat, ministre de la d\u00e9fense et des anciens combattants ; Mme Mich\u00e8le Alliot-Marie, ministre d\u2019Etat, ministre des affaires \u00e9trang\u00e8res et europ\u00e9ennes ; Mme Nathalie Kosciusko-Morizet, ministre de l\u2019\u00e9cologie, du d\u00e9veloppement durable, des transports et du logement ; M. Michel Mercier, garde des sceaux, ministre de la justice et des libert\u00e9s ;&nbsp;<\/p>\n<p><a class=\"btn btn-style\" href=\"https:\/\/flavienneuvy.fr\/index.php\/2010\/11\/14\/la-composition-du-nouveau-gouvernement\/\">Continuer la lecture&#8230;<\/a><\/p>\n","protected":false},"author":1,"featured_media":0,"comment_status":"open","ping_status":"open","sticky":false,"template":"","format":"standard","meta":[],"categories":[2],"tags":[],"_links":{"self":[{"href":"https:\/\/flavienneuvy.fr\/index.php\/wp-json\/wp\/v2\/posts\/811"}],"collection":[{"href":"https:\/\/flavienneuvy.fr\/index.php\/wp-json\/wp\/v2\/posts"}],"about":[{"href":"https:\/\/flavienneuvy.fr\/index.php\/wp-json\/wp\/v2\/types\/post"}],"author":[{"embeddable":true,"href":"https:\/\/flavienneuvy.fr\/index.php\/wp-json\/wp\/v2\/users\/1"}],"replies":[{"embeddable":true,"href":"https:\/\/flavienneuvy.fr\/index.php\/wp-json\/wp\/v2\/comments?post=811"}],"version-history":[{"count":0,"href":"https:\/\/flavienneuvy.fr\/index.php\/wp-json\/wp\/v2\/posts\/811\/revisions"}],"wp:attachment":[{"href":"https:\/\/flavienneuvy.fr\/index.php\/wp-json\/wp\/v2\/media?parent=811"}],"wp:term":[{"taxonomy":"category","embeddable":true,"href":"https:\/\/flavienneuvy.fr\/index.php\/wp-json\/wp\/v2\/categories?post=811"},{"taxonomy":"post_tag","embeddable":true,"href":"https:\/\/flavienneuvy.fr\/index.php\/wp-json\/wp\/v2\/tags?post=811"}],"curies":[{"name":"wp","href":"https:\/\/api.w.org\/{rel}","templated":true}]}}