{"id":812,"date":"2010-11-14T17:21:22","date_gmt":"2010-11-14T16:21:22","guid":{"rendered":"http:\/\/flavienneuvy.fr\/index.php\/2010\/11\/14\/borloo-ne-sera-pas-ministre\/"},"modified":"2010-11-14T17:21:22","modified_gmt":"2010-11-14T16:21:22","slug":"borloo-ne-sera-pas-ministre","status":"publish","type":"post","link":"https:\/\/flavienneuvy.fr\/index.php\/2010\/11\/14\/borloo-ne-sera-pas-ministre\/","title":{"rendered":"Borloo ne sera pas ministre"},"content":{"rendered":"<p>Il vient de l&rsquo;annoncer lui-m\u00eame, JL Borloo ne sera pas ministre dans la prochaine \u00e9quipe gouvernementale. Cette d\u00e9cision est peu surprenante dans la mesure ou il avait clairement dit que ce serait premier ministre ou rien.<\/p>\n","protected":false},"excerpt":{"rendered":"<p>Il vient de l&rsquo;annoncer lui-m\u00eame, JL Borloo ne sera pas ministre dans la prochaine \u00e9quipe gouvernementale. Cette d\u00e9cision est peu surprenante dans la mesure ou il avait clairement dit que ce serait premier ministre ou rien.<\/p>\n","protected":false},"author":1,"featured_media":0,"comment_status":"open","ping_status":"closed","sticky":false,"template":"","format":"standard","meta":[],"categories":[1],"tags":[],"_links":{"self":[{"href":"https:\/\/flavienneuvy.fr\/index.php\/wp-json\/wp\/v2\/posts\/812"}],"collection":[{"href":"https:\/\/flavienneuvy.fr\/index.php\/wp-json\/wp\/v2\/posts"}],"about":[{"href":"https:\/\/flavienneuvy.fr\/index.php\/wp-json\/wp\/v2\/types\/post"}],"author":[{"embeddable":true,"href":"https:\/\/flavienneuvy.fr\/index.php\/wp-json\/wp\/v2\/users\/1"}],"replies":[{"embeddable":true,"href":"https:\/\/flavienneuvy.fr\/index.php\/wp-json\/wp\/v2\/comments?post=812"}],"version-history":[{"count":0,"href":"https:\/\/flavienneuvy.fr\/index.php\/wp-json\/wp\/v2\/posts\/812\/revisions"}],"wp:attachment":[{"href":"https:\/\/flavienneuvy.fr\/index.php\/wp-json\/wp\/v2\/media?parent=812"}],"wp:term":[{"taxonomy":"category","embeddable":true,"href":"https:\/\/flavienneuvy.fr\/index.php\/wp-json\/wp\/v2\/categories?post=812"},{"taxonomy":"post_tag","embeddable":true,"href":"https:\/\/flavienneuvy.fr\/index.php\/wp-json\/wp\/v2\/tags?post=812"}],"curies":[{"name":"wp","href":"https:\/\/api.w.org\/{rel}","templated":true}]}}