{"id":82,"date":"2014-08-27T22:12:58","date_gmt":"2014-08-27T21:12:58","guid":{"rendered":"http:\/\/flavienneuvy.fr\/index.php\/2014\/08\/27\/vers-une-croissance-nulle-au-troisieme-trimestre\/"},"modified":"2014-08-27T22:12:58","modified_gmt":"2014-08-27T21:12:58","slug":"vers-une-croissance-nulle-au-troisieme-trimestre","status":"publish","type":"post","link":"https:\/\/flavienneuvy.fr\/index.php\/2014\/08\/27\/vers-une-croissance-nulle-au-troisieme-trimestre\/","title":{"rendered":"Vers une croissance nulle au troisi\u00e8me trimestre"},"content":{"rendered":"<p style=\"text-align: justify;\">Notre \u00e9conomie est en panne. Notre croissance a \u00e9t\u00e9 nulle au 1er puis au deuxi\u00e8me trimestre. Les chiffres du ch\u00f4mage du mois dernier sont venus confirmer le d\u00e9sastre puisque le&#0160;nombre de ch\u00f4meurs&#0160;inscrits en cat\u00e9gorie A (sans activit\u00e9) \u00e0&#0160;P\u00f4le emploi&#0160;a augment\u00e9 de 26.100 en juillet, pour d\u00e9passer les 3,42&#0160;millions. Un nouveau triste record vient d&#39;\u00eatre battu.&#0160;<\/p>\n<p style=\"text-align: justify;\">Mais tout cela c&#39;est du pass\u00e9 et il est temps de jeter un oeil sur l&#39;activit\u00e9 \u00e9conomique du troisi\u00e8me trimestre. H\u00e9las, mille fois h\u00e9las, les indicateurs ne sont pas bons. Le dernier en date est m\u00eame franchement mauvais. Il s&#39;agit du climat des affaires qui s&#39;est nettement d\u00e9grad\u00e9 en ao\u00fbt, perdant 2 points ce qui le situe nettement sous sa moyenne longue p\u00e9riode. L&#39;indice composite de l&#39;INSEE s&#39;est particuli\u00e8rement repli\u00e9 dans le commerce de d\u00e9tail. Cet indicateur avanc\u00e9 de la croissance indique clairement qu&#39;il ne faut attendre aucune reprise au T3, une d\u00e9gradation n&#39;est m\u00eame pas exclue. Le nouveau gouvernement Valls d\u00e9marre avec des chiffres \u00e9conomiques catastrophiques. C&#39;est le r\u00e9sultat d&#39;une politique fiscale absurde et de d\u00e9cisions politiques d\u00e9sastreuses comme le vote de la loi ALUR qui a plong\u00e9 tout le secteur de l&#39;immobilier dans un marasme total. Au final,plus de 725.000 demandeurs d&#39;emploi sont venus gonfler les rangs des listes de ch\u00f4meurs en cat\u00e9gorie A, B et C. Un beau bilan pour le &quot;changement&quot;.<\/p>\n","protected":false},"excerpt":{"rendered":"<p>Notre \u00e9conomie est en panne. Notre croissance a \u00e9t\u00e9 nulle au 1er puis au deuxi\u00e8me trimestre. Les chiffres du ch\u00f4mage du mois dernier sont venus confirmer le d\u00e9sastre puisque le&#0160;nombre de ch\u00f4meurs&#0160;inscrits en cat\u00e9gorie A (sans activit\u00e9) \u00e0&#0160;P\u00f4le emploi&#0160;a augment\u00e9 de 26.100 en juillet, pour d\u00e9passer les 3,42&#0160;millions. Un nouveau triste record vient d&#39;\u00eatre battu.&#0160;&nbsp;<\/p>\n<p><a class=\"btn btn-style\" href=\"https:\/\/flavienneuvy.fr\/index.php\/2014\/08\/27\/vers-une-croissance-nulle-au-troisieme-trimestre\/\">Continuer la lecture&#8230;<\/a><\/p>\n","protected":false},"author":1,"featured_media":0,"comment_status":"open","ping_status":"open","sticky":false,"template":"","format":"standard","meta":[],"categories":[2,3],"tags":[],"_links":{"self":[{"href":"https:\/\/flavienneuvy.fr\/index.php\/wp-json\/wp\/v2\/posts\/82"}],"collection":[{"href":"https:\/\/flavienneuvy.fr\/index.php\/wp-json\/wp\/v2\/posts"}],"about":[{"href":"https:\/\/flavienneuvy.fr\/index.php\/wp-json\/wp\/v2\/types\/post"}],"author":[{"embeddable":true,"href":"https:\/\/flavienneuvy.fr\/index.php\/wp-json\/wp\/v2\/users\/1"}],"replies":[{"embeddable":true,"href":"https:\/\/flavienneuvy.fr\/index.php\/wp-json\/wp\/v2\/comments?post=82"}],"version-history":[{"count":0,"href":"https:\/\/flavienneuvy.fr\/index.php\/wp-json\/wp\/v2\/posts\/82\/revisions"}],"wp:attachment":[{"href":"https:\/\/flavienneuvy.fr\/index.php\/wp-json\/wp\/v2\/media?parent=82"}],"wp:term":[{"taxonomy":"category","embeddable":true,"href":"https:\/\/flavienneuvy.fr\/index.php\/wp-json\/wp\/v2\/categories?post=82"},{"taxonomy":"post_tag","embeddable":true,"href":"https:\/\/flavienneuvy.fr\/index.php\/wp-json\/wp\/v2\/tags?post=82"}],"curies":[{"name":"wp","href":"https:\/\/api.w.org\/{rel}","templated":true}]}}