{"id":828,"date":"2010-10-21T14:14:41","date_gmt":"2010-10-21T13:14:41","guid":{"rendered":"http:\/\/flavienneuvy.fr\/index.php\/2010\/10\/21\/la-graive-vue-par-les-inconnus\/"},"modified":"2010-10-21T14:14:41","modified_gmt":"2010-10-21T13:14:41","slug":"la-graive-vue-par-les-inconnus","status":"publish","type":"post","link":"https:\/\/flavienneuvy.fr\/index.php\/2010\/10\/21\/la-graive-vue-par-les-inconnus\/","title":{"rendered":"\u00ab\u00a0La graive\u00a0\u00bb vue par les Inconnus"},"content":{"rendered":"<p>Un peu d&#39;humour avec les Inconnus.<\/p>\n<p>Je cite :<\/p>\n<p><strong><strong>Bernard Campan<\/strong><\/strong> : <em>&quot;Nan mais eh,  c&#39;est vach&#39;ment important l&#39;droit d&#39;gr\u00e8ve, hein, Messieurs-dames,  attention hein ! J&#39;vous signale que y a un si\u00e8cle \u00e0 peine vous aviez pas  l&#39;droit d&#39;faire gr\u00e8ve. Vous \u00e9tiez bien emmerd\u00e9s ! Tandis qu&#39;aujourd&#39;hui  vous avez l&#39;droit d&#39;faire gr\u00e8ve.&quot;<\/em><\/p>\n<p><strong>Pascal L\u00e9gitimus<\/strong> : <em>&quot;Vous \u00eates encore plus emmerd\u00e9s !&quot;<\/em><\/p>\n<p>\n<object data=\"http:\/\/www.dailymotion.com\/swf\/video\/x2i5ct_graive-greve-les-inconnus_fun?additionalInfos=0\" height=\"360\" type=\"application\/x-shockwave-flash\" width=\"450\"><param name=\"allowFullScreen\" value=\"true\" \/><param name=\"allowScriptAccess\" value=\"always\" \/><param name=\"src\" value=\"http:\/\/www.dailymotion.com\/swf\/video\/x2i5ct_graive-greve-les-inconnus_fun?additionalInfos=0\" \/><param name=\"allowfullscreen\" value=\"true\" \/><\/object><br \/>\n<br \/><strong><a href=\"http:\/\/www.dailymotion.com\/video\/x2i5ct_graive-greve-les-inconnus_fun\">Graive (gr\u00e8ve) &#8211; Les Inconnus<\/a><\/strong><br \/><em>envoy\u00e9 par <a href=\"http:\/\/www.dailymotion.com\/fardin195\">fardin195<\/a>. &#8211; <a href=\"http:\/\/www.dailymotion.com\/fr\/channel\/fun\">Plus de vid\u00e9os fun.<\/a><\/em><\/p>\n","protected":false},"excerpt":{"rendered":"<p>Un peu d&#39;humour avec les Inconnus. Je cite : Bernard Campan : &quot;Nan mais eh, c&#39;est vach&#39;ment important l&#39;droit d&#39;gr\u00e8ve, hein, Messieurs-dames, attention hein ! J&#39;vous signale que y a un si\u00e8cle \u00e0 peine vous aviez pas l&#39;droit d&#39;faire gr\u00e8ve. Vous \u00e9tiez bien emmerd\u00e9s ! Tandis qu&#39;aujourd&#39;hui vous avez l&#39;droit d&#39;faire gr\u00e8ve.&quot; Pascal L\u00e9gitimus :&nbsp;<\/p>\n<p><a class=\"btn btn-style\" href=\"https:\/\/flavienneuvy.fr\/index.php\/2010\/10\/21\/la-graive-vue-par-les-inconnus\/\">Continuer la lecture&#8230;<\/a><\/p>\n","protected":false},"author":1,"featured_media":0,"comment_status":"open","ping_status":"open","sticky":false,"template":"","format":"standard","meta":[],"categories":[2],"tags":[],"_links":{"self":[{"href":"https:\/\/flavienneuvy.fr\/index.php\/wp-json\/wp\/v2\/posts\/828"}],"collection":[{"href":"https:\/\/flavienneuvy.fr\/index.php\/wp-json\/wp\/v2\/posts"}],"about":[{"href":"https:\/\/flavienneuvy.fr\/index.php\/wp-json\/wp\/v2\/types\/post"}],"author":[{"embeddable":true,"href":"https:\/\/flavienneuvy.fr\/index.php\/wp-json\/wp\/v2\/users\/1"}],"replies":[{"embeddable":true,"href":"https:\/\/flavienneuvy.fr\/index.php\/wp-json\/wp\/v2\/comments?post=828"}],"version-history":[{"count":0,"href":"https:\/\/flavienneuvy.fr\/index.php\/wp-json\/wp\/v2\/posts\/828\/revisions"}],"wp:attachment":[{"href":"https:\/\/flavienneuvy.fr\/index.php\/wp-json\/wp\/v2\/media?parent=828"}],"wp:term":[{"taxonomy":"category","embeddable":true,"href":"https:\/\/flavienneuvy.fr\/index.php\/wp-json\/wp\/v2\/categories?post=828"},{"taxonomy":"post_tag","embeddable":true,"href":"https:\/\/flavienneuvy.fr\/index.php\/wp-json\/wp\/v2\/tags?post=828"}],"curies":[{"name":"wp","href":"https:\/\/api.w.org\/{rel}","templated":true}]}}