{"id":829,"date":"2010-10-18T15:24:45","date_gmt":"2010-10-18T14:24:45","guid":{"rendered":"http:\/\/flavienneuvy.fr\/index.php\/2010\/10\/18\/fillon-tres-bon-sur-tf1\/"},"modified":"2010-10-18T15:24:45","modified_gmt":"2010-10-18T14:24:45","slug":"fillon-tres-bon-sur-tf1","status":"publish","type":"post","link":"https:\/\/flavienneuvy.fr\/index.php\/2010\/10\/18\/fillon-tres-bon-sur-tf1\/","title":{"rendered":"Fillon tr\u00e8s bon sur TF1"},"content":{"rendered":"<p>Fran\u00e7ois Fillon a pris la parole hier soir dans le journal de TF1 pour pr\u00e9ciser la position du gouvernement vis \u00e0 vis des gr\u00e8ves du moment, il a \u00e9t\u00e9 tr\u00e8s bon et tr\u00e8s clair.<\/p>\n<div>\n<object id=\"wat_5271491\" width=\"480\" height=\"270\" data=\"http:\/\/www.wat.tv\/swfpu\/139970nIc0K115271491\" type=\"application\/x-shockwave-flash\"><param name=\"data\" value=\"http:\/\/www.wat.tv\/swfpu\/139970nIc0K115271491\" \/><param name=\"FlashVars\" value=\"oasTag=TF1\/videos\/catchup\/jt-we&amp;recoTf1=http%3A%2F%2Fwww.tf1.fr%2Fjs%2Fvideo%2Fpoursuite%2F0%2C%2C3488230-e0NIQUlORV9JRCBVTlZfSUR9IHsyNTY2MzI3IDF9%2C00.js%3F1287344641&amp;permalink=http%3A%2F%2Fvideos.tf1.fr%2Fjt-we%2Ffillon-le-debat-sur-les-retraites-ira-a-son-terme-au-senat-6102969.html&amp;v40=1&amp;unvId=1&amp;chaId=2566327&amp;conId=3488230\" \/><param name=\"allowScriptAccess\" value=\"always\" \/><param name=\"allowFullScreen\" value=\"true\" \/><param name=\"src\" value=\"http:\/\/www.wat.tv\/swfpu\/139970nIc0K115271491\" \/><param name=\"flashvars\" value=\"oasTag=TF1\/videos\/catchup\/jt-we&amp;recoTf1=http%3A%2F%2Fwww.tf1.fr%2Fjs%2Fvideo%2Fpoursuite%2F0%2C%2C3488230-e0NIQUlORV9JRCBVTlZfSUR9IHsyNTY2MzI3IDF9%2C00.js%3F1287344641&amp;permalink=http%3A%2F%2Fvideos.tf1.fr%2Fjt-we%2Ffillon-le-debat-sur-les-retraites-ira-a-son-terme-au-senat-6102969.html&amp;v40=1&amp;unvId=1&amp;chaId=2566327&amp;conId=3488230\" \/><param name=\"allowfullscreen\" value=\"true\" \/><\/object>\n<\/div>\n<div class=\"watlinks\" style=\"width: 480px; font-size: 11px; background: #CCCCCC; padding: 2px 0 4px 0; text-align: center;\"><a class=\"waturl\" href=\"http:\/\/videos.tf1.fr\/jt-we\/fillon-le-debat-sur-les-retraites-ira-a-son-terme-au-senat-6102969.html\" target=\"_blank\">Fillon : le d\u00e9bat sur les retraites \u00ab\u00a0ira \u00e0 son terme au S\u00e9nat\u00a0\u00bb<\/a><\/div>\n<p>&nbsp;<\/p>\n<p>Quelques rappels simples :<\/p>\n<p>&#8211; chacun a le droit de faire gr\u00e8ve, aussi longtemps qu&rsquo;il le souhaite<\/p>\n<p>&#8211; bloquer l&rsquo;acc\u00e8s au travail \u00e0 des non gr\u00e9vistes <span style=\"text-decoration: underline;\">est interdit<\/span><\/p>\n<p>&#8211; bloquer l&rsquo;acc\u00e8s aux \u00e9tablissements scolaires <span style=\"text-decoration: underline;\">est interdit<\/span><\/p>\n<p>&#8211; la loi ne se fait pas dans la rue<\/p>\n<p>&#8211; la loi ne fait pas sur la base de sondages d&rsquo;opinion<\/p>\n<p>&#8211; la loi est vot\u00e9e au parlement par des \u00e9lus du peuple<\/p>\n<p>&#8211; bloquer l&rsquo;\u00e9conomie d&rsquo;un pays est inacceptable, l&rsquo;Etat doit garantir le bon approvisionnement des stations service en carburant en faisant appel \u00e0 la force publique si n\u00e9cessaire.<\/p>\n<p>&#8211; les syndicats multiplient par 5 ou par 10 le nombre de manifestants : grotesque. Lire <a href=\"http:\/\/www.francesoir.fr\/retraite-social\/comment-nous-avons-compte-les-manifestants-du-mardi-12-octobre.37795\" target=\"_self\">ici<\/a>, <a href=\"http:\/\/fr.news.yahoo.com\/79\/20101013\/tfr-mediapart-compte-moins-de-manifestan-ba15d4f.html\" target=\"_self\">ici<\/a><\/p>\n<p>&nbsp;<\/p>\n<p><object width=\"480\" height=\"385\"><param name=\"movie\" value=\"http:\/\/www.youtube.com\/v\/fWgWZNFgQJM?fs=1&amp;hl=fr_FR\"><\/param><param name=\"allowFullScreen\" value=\"true\"><\/param><param name=\"allowscriptaccess\" value=\"always\"><\/param><embed src=\"http:\/\/www.youtube.com\/v\/fWgWZNFgQJM?fs=1&amp;hl=fr_FR\" type=\"application\/x-shockwave-flash\" allowscriptaccess=\"always\" allowfullscreen=\"true\" width=\"480\" height=\"385\"><\/embed><\/object><\/p>\n","protected":false},"excerpt":{"rendered":"<p>Fran\u00e7ois Fillon a pris la parole hier soir dans le journal de TF1 pour pr\u00e9ciser la position du gouvernement vis \u00e0 vis des gr\u00e8ves du moment, il a \u00e9t\u00e9 tr\u00e8s bon et tr\u00e8s clair. Fillon : le d\u00e9bat sur les retraites \u00ab\u00a0ira \u00e0 son terme au S\u00e9nat\u00a0\u00bb &nbsp; Quelques rappels simples : &#8211; chacun a&nbsp;<\/p>\n<p><a class=\"btn btn-style\" href=\"https:\/\/flavienneuvy.fr\/index.php\/2010\/10\/18\/fillon-tres-bon-sur-tf1\/\">Continuer la lecture&#8230;<\/a><\/p>\n","protected":false},"author":1,"featured_media":0,"comment_status":"open","ping_status":"open","sticky":false,"template":"","format":"standard","meta":[],"categories":[2],"tags":[],"_links":{"self":[{"href":"https:\/\/flavienneuvy.fr\/index.php\/wp-json\/wp\/v2\/posts\/829"}],"collection":[{"href":"https:\/\/flavienneuvy.fr\/index.php\/wp-json\/wp\/v2\/posts"}],"about":[{"href":"https:\/\/flavienneuvy.fr\/index.php\/wp-json\/wp\/v2\/types\/post"}],"author":[{"embeddable":true,"href":"https:\/\/flavienneuvy.fr\/index.php\/wp-json\/wp\/v2\/users\/1"}],"replies":[{"embeddable":true,"href":"https:\/\/flavienneuvy.fr\/index.php\/wp-json\/wp\/v2\/comments?post=829"}],"version-history":[{"count":0,"href":"https:\/\/flavienneuvy.fr\/index.php\/wp-json\/wp\/v2\/posts\/829\/revisions"}],"wp:attachment":[{"href":"https:\/\/flavienneuvy.fr\/index.php\/wp-json\/wp\/v2\/media?parent=829"}],"wp:term":[{"taxonomy":"category","embeddable":true,"href":"https:\/\/flavienneuvy.fr\/index.php\/wp-json\/wp\/v2\/categories?post=829"},{"taxonomy":"post_tag","embeddable":true,"href":"https:\/\/flavienneuvy.fr\/index.php\/wp-json\/wp\/v2\/tags?post=829"}],"curies":[{"name":"wp","href":"https:\/\/api.w.org\/{rel}","templated":true}]}}