{"id":83,"date":"2014-08-25T22:33:56","date_gmt":"2014-08-25T21:33:56","guid":{"rendered":"http:\/\/flavienneuvy.fr\/index.php\/2014\/08\/25\/montebourg-critique-lausterite-avec-plus-de-80-milliards-de-deficit\/"},"modified":"2014-08-25T22:33:56","modified_gmt":"2014-08-25T21:33:56","slug":"montebourg-critique-lausterite-avec-plus-de-80-milliards-de-deficit","status":"publish","type":"post","link":"https:\/\/flavienneuvy.fr\/index.php\/2014\/08\/25\/montebourg-critique-lausterite-avec-plus-de-80-milliards-de-deficit\/","title":{"rendered":"Montebourg critique l&rsquo;aust\u00e9rit\u00e9, avec plus de 80 milliards de d\u00e9ficit&#8230;"},"content":{"rendered":"<p style=\"text-align: justify;\">Arnaud Montebourg quitte le gouvernement. Il l&#39;a cherch\u00e9. Critiquer la politique \u00e9conomique du gouvernement quand on est ministre de l&#39;\u00e9conomie c&#39;est suicidaire et Fran\u00e7ois Hollande ne pouvait pas laisser passer une telle attitude. Quelles sont les divergences entre le cap fix\u00e9 par le pr\u00e9sident de la R\u00e9publique et la vision d&#39;Arnaud Montebourg et des parlementaires socialistes contestataires ? Pour r\u00e9sumer et simplifier : l&#39;un met en avant une politique de l&#39;offre, les autres plaident pour une politique de la demande. En clair, d&#39;un c\u00f4t\u00e9 la comp\u00e9titivit\u00e9 des entreprises et de l&#39;autre la lutte contre &quot;l&#39;aust\u00e9rit\u00e9&quot;.&#0160;<\/p>\n<p style=\"text-align: justify;\">J&#39;ai \u00e9voqu\u00e9 \u00e0 plusieurs reprises sur ce blog la faible rentabilit\u00e9 des entreprises fran\u00e7aises qui, \u00e9cras\u00e9es de taxes et d&#39;imp\u00f4ts n&#39;ont plus les moyens d&#39;investir et d&#39;innover. Ce qui est int\u00e9ressant aujourd&#39;hui, c&#39;est de voir le nombre d&#39;\u00e9lus qui affirment avec force que la politique &quot;d&#39;aust\u00e9rit\u00e9&quot; conduite par le gouvernement est \u00e0 l&#39;origine de tous nos probl\u00e8mes. Autant le dire tout de suite : cet argument ne tient pas la route. Comment peut-on parler d&#39;aust\u00e9rit\u00e9 quand on a un d\u00e9ficit sup\u00e9rieur \u00e0 80 milliards ? Que faudrait-il faire ? D\u00e9penser encore plus ? D\u00e9penser de l&#39;argent que nous n&#39;avons pas ? L&#39;argent ne tombe pas du ciel et depuis 40 ans nous ne savons faire que deux choses : augmenter la fiscalit\u00e9 et alourdir la dette. C&#39;est irresponsable et notre dette qui vient de d\u00e9passer les 2 000 milliards d&#39;euros est \u00e9crasante. Nous payons une partie des retraites et des salaires de la fonction publique \u00e0 cr\u00e9dit. Nous demandons donc aux g\u00e9n\u00e9rations futures de payer demain ce que nous n&#39;avons pas les moyens de payer aujourd&#39;hui. Combien de temps cela peut-il durer ?&#0160;<\/p>\n","protected":false},"excerpt":{"rendered":"<p>Arnaud Montebourg quitte le gouvernement. Il l&#39;a cherch\u00e9. Critiquer la politique \u00e9conomique du gouvernement quand on est ministre de l&#39;\u00e9conomie c&#39;est suicidaire et Fran\u00e7ois Hollande ne pouvait pas laisser passer une telle attitude. Quelles sont les divergences entre le cap fix\u00e9 par le pr\u00e9sident de la R\u00e9publique et la vision d&#39;Arnaud Montebourg et des parlementaires&nbsp;<\/p>\n<p><a class=\"btn btn-style\" href=\"https:\/\/flavienneuvy.fr\/index.php\/2014\/08\/25\/montebourg-critique-lausterite-avec-plus-de-80-milliards-de-deficit\/\">Continuer la lecture&#8230;<\/a><\/p>\n","protected":false},"author":1,"featured_media":0,"comment_status":"open","ping_status":"open","sticky":false,"template":"","format":"standard","meta":[],"categories":[2],"tags":[],"_links":{"self":[{"href":"https:\/\/flavienneuvy.fr\/index.php\/wp-json\/wp\/v2\/posts\/83"}],"collection":[{"href":"https:\/\/flavienneuvy.fr\/index.php\/wp-json\/wp\/v2\/posts"}],"about":[{"href":"https:\/\/flavienneuvy.fr\/index.php\/wp-json\/wp\/v2\/types\/post"}],"author":[{"embeddable":true,"href":"https:\/\/flavienneuvy.fr\/index.php\/wp-json\/wp\/v2\/users\/1"}],"replies":[{"embeddable":true,"href":"https:\/\/flavienneuvy.fr\/index.php\/wp-json\/wp\/v2\/comments?post=83"}],"version-history":[{"count":0,"href":"https:\/\/flavienneuvy.fr\/index.php\/wp-json\/wp\/v2\/posts\/83\/revisions"}],"wp:attachment":[{"href":"https:\/\/flavienneuvy.fr\/index.php\/wp-json\/wp\/v2\/media?parent=83"}],"wp:term":[{"taxonomy":"category","embeddable":true,"href":"https:\/\/flavienneuvy.fr\/index.php\/wp-json\/wp\/v2\/categories?post=83"},{"taxonomy":"post_tag","embeddable":true,"href":"https:\/\/flavienneuvy.fr\/index.php\/wp-json\/wp\/v2\/tags?post=83"}],"curies":[{"name":"wp","href":"https:\/\/api.w.org\/{rel}","templated":true}]}}