{"id":830,"date":"2010-10-14T18:22:02","date_gmt":"2010-10-14T17:22:02","guid":{"rendered":"http:\/\/flavienneuvy.fr\/index.php\/2010\/10\/14\/jappelle-les-maternelles-a-descendre-dans-la-rue\/"},"modified":"2010-10-14T18:22:02","modified_gmt":"2010-10-14T17:22:02","slug":"jappelle-les-maternelles-a-descendre-dans-la-rue","status":"publish","type":"post","link":"https:\/\/flavienneuvy.fr\/index.php\/2010\/10\/14\/jappelle-les-maternelles-a-descendre-dans-la-rue\/","title":{"rendered":"J&rsquo;appelle les maternelles \u00e0 descendre dans la rue"},"content":{"rendered":"<p style=\"text-align: justify;\">Une partie des lyc\u00e9ens sont descendus dans la rue pour manifester (ils ne savent pas trop contre quoi d&#39;ailleurs). S Royal les a encourag\u00e9s \u00e0 se mobiliser. Mais avouez que demander \u00e0 des ados de se mobiliser c&#39;est quand m\u00eame jouer &quot;petit bras&quot;. Non, moi je pense qu&#39;il faut aller plus loin, faire preuve de panache. Je lance un appel \u00e0 tous les enfants de maternelle : cette r\u00e9forme de ce m\u00e9chant gouvernement vous concerne. Vous devez descendre dans la rue, rejoindre les troupes errantes des lyc\u00e9ens trop heureux de faire sauter des heures de cours. Pr\u00e9voyez quand m\u00eame des poussettes car la marche est longue et vous risquez d&#39;\u00eatre assez vite fatigu\u00e9s.<\/p>\n<p style=\"text-align: justify;\">J&#39;ai tent\u00e9 de convaincre ma fille de 6 ans qu&#39;il fallait qu&#39;elle se mobilise. Elle ne veut rien entendre. Pourtant j&#39;ai tout tent\u00e9. J&#39;ai mis en avant le fait que pendant les manifs elle ne serait pas \u00e0 l&#39;\u00e9cole. Je lui ai dit qu&#39;elle aurait la possibilit\u00e9 de brailler des slogans d\u00e9biles en toute impunit\u00e9. Rien \u00e0 faire, elle ne veut pas faire gr\u00e8ve. Avec mes deux autres gar\u00e7ons (primaire et coll\u00e8ge), je leur ai propos\u00e9 de bloquer l&#39;acc\u00e8s de leurs \u00e9tablissements. Rien. Quelle jeunesse d\u00e9sesp\u00e9rante.<\/p>\n<p style=\"text-align: justify;\">Le spectacle offert par la France fait ricaner les Chinois, les Allemands, les Am\u00e9ricains et le monde entier&#8230;qui, pendant ce temps, travaille. Consternant.<\/p>\n","protected":false},"excerpt":{"rendered":"<p>Une partie des lyc\u00e9ens sont descendus dans la rue pour manifester (ils ne savent pas trop contre quoi d&#39;ailleurs). S Royal les a encourag\u00e9s \u00e0 se mobiliser. Mais avouez que demander \u00e0 des ados de se mobiliser c&#39;est quand m\u00eame jouer &quot;petit bras&quot;. Non, moi je pense qu&#39;il faut aller plus loin, faire preuve de&nbsp;<\/p>\n<p><a class=\"btn btn-style\" href=\"https:\/\/flavienneuvy.fr\/index.php\/2010\/10\/14\/jappelle-les-maternelles-a-descendre-dans-la-rue\/\">Continuer la lecture&#8230;<\/a><\/p>\n","protected":false},"author":1,"featured_media":0,"comment_status":"open","ping_status":"open","sticky":false,"template":"","format":"standard","meta":[],"categories":[2],"tags":[],"_links":{"self":[{"href":"https:\/\/flavienneuvy.fr\/index.php\/wp-json\/wp\/v2\/posts\/830"}],"collection":[{"href":"https:\/\/flavienneuvy.fr\/index.php\/wp-json\/wp\/v2\/posts"}],"about":[{"href":"https:\/\/flavienneuvy.fr\/index.php\/wp-json\/wp\/v2\/types\/post"}],"author":[{"embeddable":true,"href":"https:\/\/flavienneuvy.fr\/index.php\/wp-json\/wp\/v2\/users\/1"}],"replies":[{"embeddable":true,"href":"https:\/\/flavienneuvy.fr\/index.php\/wp-json\/wp\/v2\/comments?post=830"}],"version-history":[{"count":0,"href":"https:\/\/flavienneuvy.fr\/index.php\/wp-json\/wp\/v2\/posts\/830\/revisions"}],"wp:attachment":[{"href":"https:\/\/flavienneuvy.fr\/index.php\/wp-json\/wp\/v2\/media?parent=830"}],"wp:term":[{"taxonomy":"category","embeddable":true,"href":"https:\/\/flavienneuvy.fr\/index.php\/wp-json\/wp\/v2\/categories?post=830"},{"taxonomy":"post_tag","embeddable":true,"href":"https:\/\/flavienneuvy.fr\/index.php\/wp-json\/wp\/v2\/tags?post=830"}],"curies":[{"name":"wp","href":"https:\/\/api.w.org\/{rel}","templated":true}]}}