{"id":831,"date":"2010-10-13T21:52:22","date_gmt":"2010-10-13T20:52:22","guid":{"rendered":"http:\/\/flavienneuvy.fr\/index.php\/2010\/10\/13\/non-aux-blocus\/"},"modified":"2010-10-13T21:52:22","modified_gmt":"2010-10-13T20:52:22","slug":"non-aux-blocus","status":"publish","type":"post","link":"https:\/\/flavienneuvy.fr\/index.php\/2010\/10\/13\/non-aux-blocus\/","title":{"rendered":"Non au(x) blocus"},"content":{"rendered":"<p style=\"text-align: justify;\">La situation est simple : les uns appellent \u00e0 &quot;poursuivre le combat jusqu&#39;au bout&quot; et les autres affirment que plus rien ne bougera dans la r\u00e9forme. Quelle sortie possible ? Difficile \u00e0 dire m\u00eame si une radicalisation massive du mouvement est peu probable. On ne peut pas exclure cependant quelques d\u00e9bordements ponctuels et quelques d\u00e9rapages. Le droit de gr\u00e8ve fait partie des libert\u00e9s individuelles fondamentales. Tr\u00e8s bien. Mais le droit de pouvoir aller travailler en fait \u00e9galement partie et il est inacceptable de voir, comme \u00e0 l&#39;\u00e9poque du CPE, des \u00e9tudiants et des lyc\u00e9ens bloquer l&#39;acc\u00e8s \u00e0 leurs \u00e9tablissements. C&#39;est inadmissible. Ceux qui veulent travailler doivent pouvoir le faire et c&#39;est le r\u00f4le de l&#39;Etat de leur garantir de droit. <a href=\"http:\/\/www.lefigaro.fr\/flash-actu\/2010\/10\/12\/97001-20101012FILWWW00764-royal-en-harmonie-totale-avec-martine.php\" target=\"_self\"><\/a><\/p>\n<p style=\"text-align: justify;\"><a href=\"http:\/\/www.lefigaro.fr\/flash-actu\/2010\/10\/12\/97001-20101012FILWWW00764-royal-en-harmonie-totale-avec-martine.php\" target=\"_self\">S Royal appelle les jeunes \u00e0 manifester ?<\/a> Mais parmi ceux qui descendent dans la rue combien ont lu le rapport du COR ? Savent-ils contre quoi ils protestent ? Mis \u00e0 part les poncifs du genre &quot;cette r\u00e9forme est injuste&quot; ou &quot;il faut prendre l&#39;argent l\u00e0 o\u00f9 il est&quot; ou bien encore &quot;on ne veut pas crever au boulot&quot;, quelle est l&#39;analyse qu&#39;ils font de la situation ? Ils se font manipuler et ils ne se rendent pas compte que notre syst\u00e8me de retraite file tout droit vers la faillite.<\/p>\n<p style=\"text-align: justify;\">Je vous invite \u00e0 lire le rapport du COR pour vous en rendre compte par vous m\u00eame : <a href=\"http:\/\/www.cor-retraites.fr\/IMG\/pdf\/doc-1327.pdf\" target=\"_self\">lire ici<\/a><\/p>\n<p style=\"text-align: justify;\">Bonne lecture.<\/p>\n","protected":false},"excerpt":{"rendered":"<p>La situation est simple : les uns appellent \u00e0 &quot;poursuivre le combat jusqu&#39;au bout&quot; et les autres affirment que plus rien ne bougera dans la r\u00e9forme. Quelle sortie possible ? Difficile \u00e0 dire m\u00eame si une radicalisation massive du mouvement est peu probable. On ne peut pas exclure cependant quelques d\u00e9bordements ponctuels et quelques d\u00e9rapages.&nbsp;<\/p>\n<p><a class=\"btn btn-style\" href=\"https:\/\/flavienneuvy.fr\/index.php\/2010\/10\/13\/non-aux-blocus\/\">Continuer la lecture&#8230;<\/a><\/p>\n","protected":false},"author":1,"featured_media":0,"comment_status":"open","ping_status":"open","sticky":false,"template":"","format":"standard","meta":[],"categories":[2],"tags":[],"_links":{"self":[{"href":"https:\/\/flavienneuvy.fr\/index.php\/wp-json\/wp\/v2\/posts\/831"}],"collection":[{"href":"https:\/\/flavienneuvy.fr\/index.php\/wp-json\/wp\/v2\/posts"}],"about":[{"href":"https:\/\/flavienneuvy.fr\/index.php\/wp-json\/wp\/v2\/types\/post"}],"author":[{"embeddable":true,"href":"https:\/\/flavienneuvy.fr\/index.php\/wp-json\/wp\/v2\/users\/1"}],"replies":[{"embeddable":true,"href":"https:\/\/flavienneuvy.fr\/index.php\/wp-json\/wp\/v2\/comments?post=831"}],"version-history":[{"count":0,"href":"https:\/\/flavienneuvy.fr\/index.php\/wp-json\/wp\/v2\/posts\/831\/revisions"}],"wp:attachment":[{"href":"https:\/\/flavienneuvy.fr\/index.php\/wp-json\/wp\/v2\/media?parent=831"}],"wp:term":[{"taxonomy":"category","embeddable":true,"href":"https:\/\/flavienneuvy.fr\/index.php\/wp-json\/wp\/v2\/categories?post=831"},{"taxonomy":"post_tag","embeddable":true,"href":"https:\/\/flavienneuvy.fr\/index.php\/wp-json\/wp\/v2\/tags?post=831"}],"curies":[{"name":"wp","href":"https:\/\/api.w.org\/{rel}","templated":true}]}}