{"id":832,"date":"2010-10-11T23:07:34","date_gmt":"2010-10-11T22:07:34","guid":{"rendered":"http:\/\/flavienneuvy.fr\/index.php\/2010\/10\/11\/retraites-tenir\/"},"modified":"2010-10-11T23:07:34","modified_gmt":"2010-10-11T22:07:34","slug":"retraites-tenir","status":"publish","type":"post","link":"https:\/\/flavienneuvy.fr\/index.php\/2010\/10\/11\/retraites-tenir\/","title":{"rendered":"Retraites : tenir"},"content":{"rendered":"<p style=\"text-align: justify;\">Tenir voil\u00e0 la seule chose qui compte aujourd&#39;hui \u00e0 la veille de la journ\u00e9e de mobilisation avec de nombreux appels \u00e0 la gr\u00e8ve reconductible. Pourquoi tenir sur cette r\u00e9forme ? Simplement pour (tenter de) sauver notre syst\u00e8me de retraites par r\u00e9partition. Car c&#39;est bien de cela dont il s&#39;agit. Notre syst\u00e8me par r\u00e9partition repose sur la solidarit\u00e9 entre les g\u00e9n\u00e9rations : les cotisations des actifs financent \u00e0 l&#39;instant T les pensions des retrait\u00e9s. La d\u00e9mographie rend la r\u00e9forme in\u00e9luctable en d\u00e9pit de ce que tentent de faire croire les apprentis sorciers au premier rang desquels nous trouvons l&#39;inimitable M\u00e9lanchon qui insulte en permanence les journalistes. Cette r\u00e9forme ne suffira pas pour p\u00e9renniser notre syst\u00e8me \u00e0 long terme. L&#39;Europe enti\u00e8re a d\u00e9j\u00e0 fait ces r\u00e9formes en allant plus loin que la France, souvent d&#39;ailleurs ce fut le r\u00e9sultat de lois vot\u00e9es par des gouvernements de gauche. Les Europ\u00e9ens ricanent en regardant le spectacle offert par la France. Le reste du monde \u00e9galement d&#39;ailleurs.<\/p>\n<p style=\"text-align: justify;\">Les gr\u00e8ves reconductibles ? Une tr\u00e8s bonne id\u00e9e pour laminer l&#39;\u00e9conomie d&#39;un pays. P\u00e9nurie d&#39;essence, impossibilit\u00e9 pour les non gr\u00e9vistes d&#39;aller travailler sans transports en commun&#8230;Bref, c&#39;est formidable pour dynamiser une \u00e9conomie. Heureusement que nous ne sommes pas dans un contexte de crise mondiale, heureusement que notre \u00e9conomie est tr\u00e8s solide et heureusement que nous avons un taux de ch\u00f4mage faible. Tous ces \u00e9l\u00e9ments nous permettront d&#39;absorber facilement les cons\u00e9quences de ces gr\u00e8ves.<\/p>\n<p style=\"text-align: justify;\">A noter dans ce contexte une initiative int\u00e9ressante : un collectif marseillais s&#39;est offert une page de pub dans Les Echos ce matin pour d\u00e9noncer le blocage du port de Marseille.<\/p>\n<p style=\"text-align: justify;\"><a href=\"http:\/\/cebazatpourdemain.typepad.fr\/.a\/6a00d834522be769e20133f4fdc7ef970b-pi\" style=\"display: inline;\"><img decoding=\"async\" alt=\"Grutier_w350\" border=\"0\" class=\"asset  asset-image at-xid-6a00d834522be769e20133f4fdc7ef970b\" src=\"http:\/\/cebazatpourdemain.typepad.fr\/.a\/6a00d834522be769e20133f4fdc7ef970b-800wi\" title=\"Grutier_w350\" \/><\/a><\/p>\n<p style=\"text-align: justify;\">Au fait : le port de Marseille ne cesse de reculer dans la hi\u00e9rarchie europ\u00e9enne. Les ports italiens, espagnols, hollandais adressent aux gr\u00e9vistes leurs plus vifs remerciements : de nombreux transporteurs ont annonc\u00e9 qu&#39;ils renon\u00e7aient au port de Marseille, trop compliqu\u00e9 de d\u00e9charger en France.<\/p>\n<p>&#0160;<\/p>\n","protected":false},"excerpt":{"rendered":"<p>Tenir voil\u00e0 la seule chose qui compte aujourd&#39;hui \u00e0 la veille de la journ\u00e9e de mobilisation avec de nombreux appels \u00e0 la gr\u00e8ve reconductible. Pourquoi tenir sur cette r\u00e9forme ? Simplement pour (tenter de) sauver notre syst\u00e8me de retraites par r\u00e9partition. Car c&#39;est bien de cela dont il s&#39;agit. Notre syst\u00e8me par r\u00e9partition repose sur&nbsp;<\/p>\n<p><a class=\"btn btn-style\" href=\"https:\/\/flavienneuvy.fr\/index.php\/2010\/10\/11\/retraites-tenir\/\">Continuer la lecture&#8230;<\/a><\/p>\n","protected":false},"author":1,"featured_media":0,"comment_status":"open","ping_status":"open","sticky":false,"template":"","format":"standard","meta":[],"categories":[2],"tags":[],"_links":{"self":[{"href":"https:\/\/flavienneuvy.fr\/index.php\/wp-json\/wp\/v2\/posts\/832"}],"collection":[{"href":"https:\/\/flavienneuvy.fr\/index.php\/wp-json\/wp\/v2\/posts"}],"about":[{"href":"https:\/\/flavienneuvy.fr\/index.php\/wp-json\/wp\/v2\/types\/post"}],"author":[{"embeddable":true,"href":"https:\/\/flavienneuvy.fr\/index.php\/wp-json\/wp\/v2\/users\/1"}],"replies":[{"embeddable":true,"href":"https:\/\/flavienneuvy.fr\/index.php\/wp-json\/wp\/v2\/comments?post=832"}],"version-history":[{"count":0,"href":"https:\/\/flavienneuvy.fr\/index.php\/wp-json\/wp\/v2\/posts\/832\/revisions"}],"wp:attachment":[{"href":"https:\/\/flavienneuvy.fr\/index.php\/wp-json\/wp\/v2\/media?parent=832"}],"wp:term":[{"taxonomy":"category","embeddable":true,"href":"https:\/\/flavienneuvy.fr\/index.php\/wp-json\/wp\/v2\/categories?post=832"},{"taxonomy":"post_tag","embeddable":true,"href":"https:\/\/flavienneuvy.fr\/index.php\/wp-json\/wp\/v2\/tags?post=832"}],"curies":[{"name":"wp","href":"https:\/\/api.w.org\/{rel}","templated":true}]}}