{"id":834,"date":"2010-10-03T21:26:18","date_gmt":"2010-10-03T20:26:18","guid":{"rendered":"http:\/\/flavienneuvy.fr\/index.php\/2010\/10\/03\/la-guerre-des-changes-a-commence\/"},"modified":"2010-10-03T21:26:18","modified_gmt":"2010-10-03T20:26:18","slug":"la-guerre-des-changes-a-commence","status":"publish","type":"post","link":"https:\/\/flavienneuvy.fr\/index.php\/2010\/10\/03\/la-guerre-des-changes-a-commence\/","title":{"rendered":"La guerre des changes a commenc\u00e9"},"content":{"rendered":"<p style=\"text-align: justify;\">Cette fois c&#39;est s\u00fbr, une nouvelle guerre mondiale a d\u00e9but\u00e9. Mais de quelle guerre s&#39;agit-il ? Il n&#39;est pas question de soldats qui vont s&#39;entretuer ou de territoires \u00e0 conqu\u00e9rir. Non, cette nouvelle guerre mondiale est \u00e9conomique et, pour \u00eatre plus pr\u00e9cis, c&#39;est une guerre sur les changes. L&#39;enjeu ? La comp\u00e9titivit\u00e9 des entreprises, donc la croissance \u00e9conomique, donc des emplois. D&#39;ailleurs, le Ministre br\u00e9silien des finances ne s&#39;y est pas tromp\u00e9 lui qui vient de d\u00e9clarer que le Br\u00e9sil ne serait pas la victime de &quot;la guerre des monnaies&quot;. Lire <a href=\"http:\/\/www.latribune.fr\/actualites\/economie\/international\/20100928trib000553527\/le-bresil-en-pointe-pour-denoncer-la-guerre-des-monnaies.html\" target=\"_self\">ici<\/a><\/p>\n<p style=\"text-align: justify;\">Dans le m\u00eame temps, le Congr\u00e8s am\u00e9ricain vient d&#39;adopter un projet de loi pr\u00e9voyant des mesures de r\u00e9torsion contre la Chine accus\u00e9e de sous-\u00e9valuer volontairement sa monnaie. Lire <a href=\"http:\/\/www.boursorama.com\/infos\/actualites\/detail_actu_marches.phtml?num=91b363da935938fe08defe586c149a1a\" target=\"_self\">ici<\/a><\/p>\n<p style=\"text-align: justify;\">Du c\u00f4t\u00e9 des perdants le Japon avec un Yen qui ne cesse de progresser malgr\u00e9 une r\u00e9cente intervention de la Banque du Japon qui est impuissante face \u00e0 ce ph\u00e9nom\u00e8ne qui \u00e9trangle les entreprises exportatrices. Toujours du c\u00f4t\u00e9 des perdants, le Franc suisse qui fait office de valeur refuge. Et puis l&#39;Euro qui vient de passer de 1,18 dollar \u00e0 1,37 dollar en quelques mois. Ces variations violentes de la parit\u00e9 euro\/dollar posent un s\u00e9rieux probl\u00e8me \u00e0 la zone euro.<\/p>\n<p style=\"text-align: justify;\">Du c\u00f4t\u00e9 des gagnants (des plus malins en r\u00e9alit\u00e9), les Etats-Unis et la Chine. Avec une \u00e9conomie encore faible, les Am\u00e9ricains ne veulent pas voir leur monnaie s&#39;appr\u00e9cier face \u00e0 l&#39;Euro. Ils sont exasp\u00e9r\u00e9s par l&#39;attitude des autorit\u00e9s chinoises qui surfent sur leur Yuan faible mais leur priorit\u00e9 reste de maintenir le dollar \u00e0 un faible niveau face \u00e0 l&#39;Euro.<\/p>\n<p style=\"text-align: justify;\">Vous l&#39;avez compris, la guerre des changes se joue pour le moment en coulisses mais les enjeux sont consid\u00e9rables et se chiffrent en millions d&#39;emplois. Le Pr\u00e9sident de la R\u00e9publique prend la pr\u00e9sidence du G20 en novembre et souhaite mettre sur la table ce sujet sensible. Il a parfaitement raison mais la bataille s&#39;annonce rude.<\/p>\n","protected":false},"excerpt":{"rendered":"<p>Cette fois c&#39;est s\u00fbr, une nouvelle guerre mondiale a d\u00e9but\u00e9. Mais de quelle guerre s&#39;agit-il ? Il n&#39;est pas question de soldats qui vont s&#39;entretuer ou de territoires \u00e0 conqu\u00e9rir. Non, cette nouvelle guerre mondiale est \u00e9conomique et, pour \u00eatre plus pr\u00e9cis, c&#39;est une guerre sur les changes. L&#39;enjeu ? La comp\u00e9titivit\u00e9 des entreprises, donc&nbsp;<\/p>\n<p><a class=\"btn btn-style\" href=\"https:\/\/flavienneuvy.fr\/index.php\/2010\/10\/03\/la-guerre-des-changes-a-commence\/\">Continuer la lecture&#8230;<\/a><\/p>\n","protected":false},"author":1,"featured_media":0,"comment_status":"open","ping_status":"open","sticky":false,"template":"","format":"standard","meta":[],"categories":[2],"tags":[],"_links":{"self":[{"href":"https:\/\/flavienneuvy.fr\/index.php\/wp-json\/wp\/v2\/posts\/834"}],"collection":[{"href":"https:\/\/flavienneuvy.fr\/index.php\/wp-json\/wp\/v2\/posts"}],"about":[{"href":"https:\/\/flavienneuvy.fr\/index.php\/wp-json\/wp\/v2\/types\/post"}],"author":[{"embeddable":true,"href":"https:\/\/flavienneuvy.fr\/index.php\/wp-json\/wp\/v2\/users\/1"}],"replies":[{"embeddable":true,"href":"https:\/\/flavienneuvy.fr\/index.php\/wp-json\/wp\/v2\/comments?post=834"}],"version-history":[{"count":0,"href":"https:\/\/flavienneuvy.fr\/index.php\/wp-json\/wp\/v2\/posts\/834\/revisions"}],"wp:attachment":[{"href":"https:\/\/flavienneuvy.fr\/index.php\/wp-json\/wp\/v2\/media?parent=834"}],"wp:term":[{"taxonomy":"category","embeddable":true,"href":"https:\/\/flavienneuvy.fr\/index.php\/wp-json\/wp\/v2\/categories?post=834"},{"taxonomy":"post_tag","embeddable":true,"href":"https:\/\/flavienneuvy.fr\/index.php\/wp-json\/wp\/v2\/tags?post=834"}],"curies":[{"name":"wp","href":"https:\/\/api.w.org\/{rel}","templated":true}]}}