{"id":835,"date":"2010-09-27T22:42:16","date_gmt":"2010-09-27T21:42:16","guid":{"rendered":"http:\/\/flavienneuvy.fr\/index.php\/2010\/09\/27\/ou-en-est-leconomie-francaise-2\/"},"modified":"2010-09-27T22:42:16","modified_gmt":"2010-09-27T21:42:16","slug":"ou-en-est-leconomie-francaise-2","status":"publish","type":"post","link":"https:\/\/flavienneuvy.fr\/index.php\/2010\/09\/27\/ou-en-est-leconomie-francaise-2\/","title":{"rendered":"O\u00f9 en est l&rsquo;\u00e9conomie fran\u00e7aise ?"},"content":{"rendered":"<p style=\"text-align: justify;\">Les chiffres de croissance du deuxi\u00e8me trimestre sont connus depuis plus d&#39;un mois, les chiffres du ch\u00f4mage sont suivis \u00e0 la loupe, le gouvernement vient d&#39;ajuster ses pr\u00e9visions de croissance pour 2010, bref nous avons tous les \u00e9l\u00e9ments pour faire le point sur l&#39;\u00e9tat de sant\u00e9 de notre \u00e9conomie.&#0160;<\/p>\n<p style=\"text-align: justify;\">La croissance est meilleure que pr\u00e9vu, +0,6% t\/t au deuxi\u00e8me trimestre ce qui est sup\u00e9rieur aux pr\u00e9visions. Ce chiffre a conduit F Fillon \u00e0 rehausser les pr\u00e9visions de croissance pour 2010 \u00e0 +1,5% contre +1,4% auparavant. Souvenons-nous que l&#39;ann\u00e9e derni\u00e8re au moment o\u00f9 le gouvernement a pr\u00e9sent\u00e9 son budget, le PLF tablait sur une croissance de 0,75% pour 2010. Souvenons-nous qu&#39;\u00e0 l&#39;\u00e9poque toute l&#39;opposition avait d\u00e9nonc\u00e9 des pr\u00e9visions de croissance qu&#39;elle jugeait &quot;irr\u00e9alistes&quot;, &quot;pas cr\u00e9dibles&quot; et &quot;ridicules&quot;. Et oui, il y a un an, l&#39;\u00e9conomie mondiale allait bien plus mal qu&#39;aujourd&#39;hui. Les indicateurs avanc\u00e9s de la croissance pour le troisi\u00e8me trimestre montrent que la croissance reste assez soutenue ce qui devrait permettre \u00e0 notre \u00e9conomie d&#39;atteindre les 1,5% de croissance voire les 1,6% pour l&#39;ensemble de l&#39;ann\u00e9e. Incontestablement, notre pays a bien mieux r\u00e9sist\u00e9 \u00e0 la profonde r\u00e9cession mondiale que la plupart des pays d\u00e9velopp\u00e9s. Incontestablement, la croissance est revenue. Incontestablement, cette croissance \u00e9conomique est encore trop faible pour \u00eatre suffisamment cr\u00e9atrice d&#39;emplois. Le taux de ch\u00f4mage reste \u00e9lev\u00e9 et les chiffres de septembre ne sont pas bons apr\u00e8s deux mois (juin et juillet) qui furent meilleurs. Les pr\u00e9visions des \u00e9conomistes pour 2011 vont d&#39;une croissance de 1,3% pour les plus pessimistes \u00e0 +2,1% pour les plus optimistes. Au global notre \u00e9conomie pr\u00e9sente des signes encourageants de reprise mais cette am\u00e9lioration reste fragile. Un mot sur le d\u00e9ficit budg\u00e9taire : l\u00e0 encore le gouvernement a r\u00e9vis\u00e9 ces pr\u00e9visions mais \u00e0 la baisse cette fois-ci. Le d\u00e9ficit budg\u00e9taire sera moins \u00e9lev\u00e9 que pr\u00e9vu (7,8% du PIB), ce qui reste extraordinairement \u00e9lev\u00e9 mais tr\u00e8s li\u00e9 \u00e0 la crise et \u00e0 l&#39;effondrement des recettes fiscales. Si la croissance s&#39;enroule des 1,8% pour l&#39;ann\u00e9e prochaine, on peut esp\u00e9rer une am\u00e9lioration sur le front de l&#39;emploi au cours des prochains mois et une nette am\u00e9lioration des comptes publics.<\/p>\n","protected":false},"excerpt":{"rendered":"<p>Les chiffres de croissance du deuxi\u00e8me trimestre sont connus depuis plus d&#39;un mois, les chiffres du ch\u00f4mage sont suivis \u00e0 la loupe, le gouvernement vient d&#39;ajuster ses pr\u00e9visions de croissance pour 2010, bref nous avons tous les \u00e9l\u00e9ments pour faire le point sur l&#39;\u00e9tat de sant\u00e9 de notre \u00e9conomie.&#0160; La croissance est meilleure que pr\u00e9vu,&nbsp;<\/p>\n<p><a class=\"btn btn-style\" href=\"https:\/\/flavienneuvy.fr\/index.php\/2010\/09\/27\/ou-en-est-leconomie-francaise-2\/\">Continuer la lecture&#8230;<\/a><\/p>\n","protected":false},"author":1,"featured_media":0,"comment_status":"open","ping_status":"open","sticky":false,"template":"","format":"standard","meta":[],"categories":[2],"tags":[],"_links":{"self":[{"href":"https:\/\/flavienneuvy.fr\/index.php\/wp-json\/wp\/v2\/posts\/835"}],"collection":[{"href":"https:\/\/flavienneuvy.fr\/index.php\/wp-json\/wp\/v2\/posts"}],"about":[{"href":"https:\/\/flavienneuvy.fr\/index.php\/wp-json\/wp\/v2\/types\/post"}],"author":[{"embeddable":true,"href":"https:\/\/flavienneuvy.fr\/index.php\/wp-json\/wp\/v2\/users\/1"}],"replies":[{"embeddable":true,"href":"https:\/\/flavienneuvy.fr\/index.php\/wp-json\/wp\/v2\/comments?post=835"}],"version-history":[{"count":0,"href":"https:\/\/flavienneuvy.fr\/index.php\/wp-json\/wp\/v2\/posts\/835\/revisions"}],"wp:attachment":[{"href":"https:\/\/flavienneuvy.fr\/index.php\/wp-json\/wp\/v2\/media?parent=835"}],"wp:term":[{"taxonomy":"category","embeddable":true,"href":"https:\/\/flavienneuvy.fr\/index.php\/wp-json\/wp\/v2\/categories?post=835"},{"taxonomy":"post_tag","embeddable":true,"href":"https:\/\/flavienneuvy.fr\/index.php\/wp-json\/wp\/v2\/tags?post=835"}],"curies":[{"name":"wp","href":"https:\/\/api.w.org\/{rel}","templated":true}]}}