{"id":838,"date":"2010-09-12T17:58:40","date_gmt":"2010-09-12T16:58:40","guid":{"rendered":"http:\/\/flavienneuvy.fr\/index.php\/2010\/09\/12\/a-la-une-des-hebdomadaires\/"},"modified":"2010-09-12T17:58:40","modified_gmt":"2010-09-12T16:58:40","slug":"a-la-une-des-hebdomadaires","status":"publish","type":"post","link":"https:\/\/flavienneuvy.fr\/index.php\/2010\/09\/12\/a-la-une-des-hebdomadaires\/","title":{"rendered":"A la une des hebdomadaires&#8230;"},"content":{"rendered":"<p>Depuis quelques semaines les lecteurs ont pu constater qu&#39;une nouvelle \u00e9tape a \u00e9t\u00e9 franchie vis \u00e0 vis du Pr\u00e9sident de la R\u00e9publique dans les m\u00e9dias. Au d\u00e9but du mois d&#39;ao\u00fbt, Marianne titrait &quot;le voyou de la R\u00e9publique&quot; (lire <a href=\"http:\/\/www.rue89.com\/2010\/08\/09\/sarkozy-voyou-de-la-republique-selon-marianne-161577\" target=\"_self\">ici<\/a>). Cette semaine c&#39;est le Nouvel Observateur qui, plus prudent, pose une question &quot;cet homme est-il dangereux ?&quot; (lire <a href=\"http:\/\/hebdo.nouvelobs.com\/\" target=\"_self\">ici<\/a>)<\/p>\n<p>Ces deux exemples montrent \u00e0 quel point Nicolas Sarkozy a pris le contr\u00f4le des m\u00e9dias comme certains tentent de le faire croire. On imagine assez facilement que dans les pays libres qui vivent au quotidien le r\u00eave communiste (Cuba, Cor\u00e9e du Nord&#8230;), les m\u00e9dias ont \u00e9galement la possibilit\u00e9 de critiquer \u00e0 ce point leurs dirigeants&#8230;<\/p>\n<p>Non, je pense que ces hebdomadaires montrent la voie et qu&#39;il faurait encore aller plus loin dans l&#39;anti-sarkozysme primaire. Je propose des titres du style &quot;cet homme est-il fou?&quot;, ou bien encore &quot;cet homme est-il fasciste ?&quot;. Mieux : &quot;cet homme est-il le diable? &quot;. Un peu d&#39;audace, il ne faut s&#39;arr\u00eater en si bon chemin. Car, comme le disent si bien les socialistes, Nicolas Sarkozy met la R\u00e9publique en danger, c&#39;est \u00e9vident&#8230;Il para\u00eetrait m\u00eame qu&#39;il a pr\u00e9vu d&#39;annuler les \u00e9lections pr\u00e9sidentielles de 2012 en faisant un coup d&#39;Etat militaire pour garder le pouvoir par la force. Mais silence, c&#39;est un secret qu&#39;il ne faut pas divulguer&#8230;Cet homme est dangereux, puisqu&#39;on vous le dit.<\/p>\n","protected":false},"excerpt":{"rendered":"<p>Depuis quelques semaines les lecteurs ont pu constater qu&#39;une nouvelle \u00e9tape a \u00e9t\u00e9 franchie vis \u00e0 vis du Pr\u00e9sident de la R\u00e9publique dans les m\u00e9dias. Au d\u00e9but du mois d&#39;ao\u00fbt, Marianne titrait &quot;le voyou de la R\u00e9publique&quot; (lire ici). Cette semaine c&#39;est le Nouvel Observateur qui, plus prudent, pose une question &quot;cet homme est-il dangereux&nbsp;<\/p>\n<p><a class=\"btn btn-style\" href=\"https:\/\/flavienneuvy.fr\/index.php\/2010\/09\/12\/a-la-une-des-hebdomadaires\/\">Continuer la lecture&#8230;<\/a><\/p>\n","protected":false},"author":1,"featured_media":0,"comment_status":"open","ping_status":"open","sticky":false,"template":"","format":"standard","meta":[],"categories":[2],"tags":[],"_links":{"self":[{"href":"https:\/\/flavienneuvy.fr\/index.php\/wp-json\/wp\/v2\/posts\/838"}],"collection":[{"href":"https:\/\/flavienneuvy.fr\/index.php\/wp-json\/wp\/v2\/posts"}],"about":[{"href":"https:\/\/flavienneuvy.fr\/index.php\/wp-json\/wp\/v2\/types\/post"}],"author":[{"embeddable":true,"href":"https:\/\/flavienneuvy.fr\/index.php\/wp-json\/wp\/v2\/users\/1"}],"replies":[{"embeddable":true,"href":"https:\/\/flavienneuvy.fr\/index.php\/wp-json\/wp\/v2\/comments?post=838"}],"version-history":[{"count":0,"href":"https:\/\/flavienneuvy.fr\/index.php\/wp-json\/wp\/v2\/posts\/838\/revisions"}],"wp:attachment":[{"href":"https:\/\/flavienneuvy.fr\/index.php\/wp-json\/wp\/v2\/media?parent=838"}],"wp:term":[{"taxonomy":"category","embeddable":true,"href":"https:\/\/flavienneuvy.fr\/index.php\/wp-json\/wp\/v2\/categories?post=838"},{"taxonomy":"post_tag","embeddable":true,"href":"https:\/\/flavienneuvy.fr\/index.php\/wp-json\/wp\/v2\/tags?post=838"}],"curies":[{"name":"wp","href":"https:\/\/api.w.org\/{rel}","templated":true}]}}