{"id":84,"date":"2014-08-14T22:26:08","date_gmt":"2014-08-14T21:26:08","guid":{"rendered":"http:\/\/flavienneuvy.fr\/index.php\/2014\/08\/14\/croissance-0-notre-economie-est-durablement-affaiblie\/"},"modified":"2014-08-14T22:26:08","modified_gmt":"2014-08-14T21:26:08","slug":"croissance-0-notre-economie-est-durablement-affaiblie","status":"publish","type":"post","link":"https:\/\/flavienneuvy.fr\/index.php\/2014\/08\/14\/croissance-0-notre-economie-est-durablement-affaiblie\/","title":{"rendered":"Croissance 0, notre \u00e9conomie est durablement affaiblie."},"content":{"rendered":"<p style=\"text-align: justify;\">Le chiffre de la croissance du deuxi\u00e8me trimestre est tomb\u00e9 ce matin et il est mauvais : croissance nulle, comme au premier trimestre. Notre \u00e9conomie stagne, tous les moteurs sont \u00e0 l&#39;arr\u00eat. Seule la consommation des m\u00e9nages r\u00e9siste un peu. Bien s\u00fbr, cette croissance plus faible qu&#39;attendue par le gouvernement l&#39;oblige \u00e0 r\u00e9viser ses pr\u00e9visions pour l&#39;ensemble de l&#39;ann\u00e9e. Autre cons\u00e9quence : les objectifs de d\u00e9ficit public n&#39;ont aucune chance d&#39;\u00eatre respect\u00e9s. D\u00e8s le mois d&#39;avril dernier, j&#39;avais indiqu\u00e9 dans un <a href=\"http:\/\/cebazatpourdemain.typepad.fr\/cebazatpourdemain\/2014\/04\/3-de-d%C3%A9ficit-en-2015-est-ce-cr%C3%A9dible-.html\" target=\"_self\">texte que l&#39;objectif des 3% en 2015 \u00e9tait &quot;hors de port\u00e9e&quot;<\/a>.&#0160;<\/p>\n<p style=\"text-align: justify;\">Alors notre \u00e9conomie peut-elle repartir de l&#39;avant et si oui comment ? J&#39;ai \u00e9crit de nombreux textes sur ce blog \u00e0 ce sujet. Lire <a href=\"http:\/\/cebazatpourdemain.typepad.fr\/cebazatpourdemain\/2012\/05\/comment-relancer-la-croissance-%C3%A9conomique-en-france-.html\" target=\"_self\">&quot;Comment relancer la croissance \u00e9conomique en France ?&quot;<\/a> et <a href=\"http:\/\/cebazatpourdemain.typepad.fr\/cebazatpourdemain\/2014\/05\/le-poids-excessif-des-d%C3%A9penses-publiques-%C3%A0-lorigine-du-d%C3%A9clin-de-la-france.html\" target=\"_self\">&quot;Le poids excessif des d\u00e9penses publiques \u00e0 l&#39;origine du d\u00e9clin de la France&quot;<\/a>.<\/p>\n","protected":false},"excerpt":{"rendered":"<p>Le chiffre de la croissance du deuxi\u00e8me trimestre est tomb\u00e9 ce matin et il est mauvais : croissance nulle, comme au premier trimestre. Notre \u00e9conomie stagne, tous les moteurs sont \u00e0 l&#39;arr\u00eat. Seule la consommation des m\u00e9nages r\u00e9siste un peu. Bien s\u00fbr, cette croissance plus faible qu&#39;attendue par le gouvernement l&#39;oblige \u00e0 r\u00e9viser ses pr\u00e9visions&nbsp;<\/p>\n<p><a class=\"btn btn-style\" href=\"https:\/\/flavienneuvy.fr\/index.php\/2014\/08\/14\/croissance-0-notre-economie-est-durablement-affaiblie\/\">Continuer la lecture&#8230;<\/a><\/p>\n","protected":false},"author":1,"featured_media":0,"comment_status":"open","ping_status":"open","sticky":false,"template":"","format":"standard","meta":[],"categories":[2,3],"tags":[],"_links":{"self":[{"href":"https:\/\/flavienneuvy.fr\/index.php\/wp-json\/wp\/v2\/posts\/84"}],"collection":[{"href":"https:\/\/flavienneuvy.fr\/index.php\/wp-json\/wp\/v2\/posts"}],"about":[{"href":"https:\/\/flavienneuvy.fr\/index.php\/wp-json\/wp\/v2\/types\/post"}],"author":[{"embeddable":true,"href":"https:\/\/flavienneuvy.fr\/index.php\/wp-json\/wp\/v2\/users\/1"}],"replies":[{"embeddable":true,"href":"https:\/\/flavienneuvy.fr\/index.php\/wp-json\/wp\/v2\/comments?post=84"}],"version-history":[{"count":0,"href":"https:\/\/flavienneuvy.fr\/index.php\/wp-json\/wp\/v2\/posts\/84\/revisions"}],"wp:attachment":[{"href":"https:\/\/flavienneuvy.fr\/index.php\/wp-json\/wp\/v2\/media?parent=84"}],"wp:term":[{"taxonomy":"category","embeddable":true,"href":"https:\/\/flavienneuvy.fr\/index.php\/wp-json\/wp\/v2\/categories?post=84"},{"taxonomy":"post_tag","embeddable":true,"href":"https:\/\/flavienneuvy.fr\/index.php\/wp-json\/wp\/v2\/tags?post=84"}],"curies":[{"name":"wp","href":"https:\/\/api.w.org\/{rel}","templated":true}]}}