{"id":85,"date":"2014-07-22T21:17:03","date_gmt":"2014-07-22T20:17:03","guid":{"rendered":"http:\/\/flavienneuvy.fr\/index.php\/2014\/07\/22\/comment-se-porte-leconomie-americaine\/"},"modified":"2014-07-22T21:17:03","modified_gmt":"2014-07-22T20:17:03","slug":"comment-se-porte-leconomie-americaine","status":"publish","type":"post","link":"https:\/\/flavienneuvy.fr\/index.php\/2014\/07\/22\/comment-se-porte-leconomie-americaine\/","title":{"rendered":"Comment se porte l&rsquo;\u00e9conomie am\u00e9ricaine ?"},"content":{"rendered":"<p style=\"text-align: justify;\">Comment se porte l&#39;\u00e9conomie am\u00e9ricaine et quelle est la croissance attendue pour 2014 ? &#0160;On peut se poser la question apr\u00e8s un premier trimestre particuli\u00e8rement mauvais puisqu&#39;en rythme annualis\u00e9, le PIB a recul\u00e9 de pr\u00e8s de 3%. Il faut noter qu&#39;au T1 la variation des stocks et le commerce ext\u00e9rieur ont pes\u00e9 lourd (1,6% et 1,5%). La demande int\u00e9rieure est rest\u00e9e quasi stable (+0,1%). Cependant, les mauvaises conditions climatiques expliquent largement cette mauvaise performance et le deuxi\u00e8me trimestre devrait \u00eatre bon (hausse de 4% anticip\u00e9e). Malgr\u00e9 ce rattrapage attendu, la croissance en 2014 devrait \u00eatre moins \u00e9lev\u00e9e qu&#39;initialement pr\u00e9vu pour se situer \u00e0 +1,5%. Le point positif concerne le march\u00e9 du travail avec des cr\u00e9ations d&#39;emplois qui se situent \u00e0 2,5 millions\/an si l&#39;on regarde les chiffres mensuels publi\u00e9s depuis le d\u00e9but de l&#39;ann\u00e9e. C&#39;est le niveau le plus \u00e9lev\u00e9 depuis 2005. Le taux de ch\u00f4mage se situe \u00e0 6,3% en mai contre 10% en octobre 2009. L&#39;inversion de la courbe est r\u00e9elle aux USA. Il faut pr\u00e9ciser que la baisse du taux d&#39;activit\u00e9 explique en partie cette nette am\u00e9lioration du march\u00e9 de l&#39;emploi. Au final, ce qu&#39;il faut retenir c&#39;est que l&#39;\u00e9conomie am\u00e9ricaine reste convalescente m\u00eame si sa situation est nettement meilleure que la n\u00f4tre.&#0160;<\/p>\n<p style=\"text-align: justify;\"><a class=\"asset-img-link\" href=\"http:\/\/cebazatpourdemain.typepad.fr\/.a\/6a00d834522be769e201a511e6e80b970c-pi\"><img decoding=\"async\" alt=\"Image1\" border=\"0\" class=\"asset  asset-image at-xid-6a00d834522be769e201a511e6e80b970c image-full img-responsive\" src=\"http:\/\/cebazatpourdemain.typepad.fr\/.a\/6a00d834522be769e201a511e6e80b970c-800wi\" style=\"display: block; margin-left: auto; margin-right: auto;\" title=\"Image1\" \/><\/a><\/p>\n","protected":false},"excerpt":{"rendered":"<p>Comment se porte l&#39;\u00e9conomie am\u00e9ricaine et quelle est la croissance attendue pour 2014 ? &#0160;On peut se poser la question apr\u00e8s un premier trimestre particuli\u00e8rement mauvais puisqu&#39;en rythme annualis\u00e9, le PIB a recul\u00e9 de pr\u00e8s de 3%. Il faut noter qu&#39;au T1 la variation des stocks et le commerce ext\u00e9rieur ont pes\u00e9 lourd (1,6% et&nbsp;<\/p>\n<p><a class=\"btn btn-style\" href=\"https:\/\/flavienneuvy.fr\/index.php\/2014\/07\/22\/comment-se-porte-leconomie-americaine\/\">Continuer la lecture&#8230;<\/a><\/p>\n","protected":false},"author":1,"featured_media":0,"comment_status":"open","ping_status":"open","sticky":false,"template":"","format":"standard","meta":[],"categories":[3],"tags":[],"_links":{"self":[{"href":"https:\/\/flavienneuvy.fr\/index.php\/wp-json\/wp\/v2\/posts\/85"}],"collection":[{"href":"https:\/\/flavienneuvy.fr\/index.php\/wp-json\/wp\/v2\/posts"}],"about":[{"href":"https:\/\/flavienneuvy.fr\/index.php\/wp-json\/wp\/v2\/types\/post"}],"author":[{"embeddable":true,"href":"https:\/\/flavienneuvy.fr\/index.php\/wp-json\/wp\/v2\/users\/1"}],"replies":[{"embeddable":true,"href":"https:\/\/flavienneuvy.fr\/index.php\/wp-json\/wp\/v2\/comments?post=85"}],"version-history":[{"count":0,"href":"https:\/\/flavienneuvy.fr\/index.php\/wp-json\/wp\/v2\/posts\/85\/revisions"}],"wp:attachment":[{"href":"https:\/\/flavienneuvy.fr\/index.php\/wp-json\/wp\/v2\/media?parent=85"}],"wp:term":[{"taxonomy":"category","embeddable":true,"href":"https:\/\/flavienneuvy.fr\/index.php\/wp-json\/wp\/v2\/categories?post=85"},{"taxonomy":"post_tag","embeddable":true,"href":"https:\/\/flavienneuvy.fr\/index.php\/wp-json\/wp\/v2\/tags?post=85"}],"curies":[{"name":"wp","href":"https:\/\/api.w.org\/{rel}","templated":true}]}}