{"id":853,"date":"2010-07-21T22:24:45","date_gmt":"2010-07-21T21:24:45","guid":{"rendered":"http:\/\/flavienneuvy.fr\/index.php\/2010\/07\/21\/la-deflation-principale-menace\/"},"modified":"2010-07-21T22:24:45","modified_gmt":"2010-07-21T21:24:45","slug":"la-deflation-principale-menace","status":"publish","type":"post","link":"https:\/\/flavienneuvy.fr\/index.php\/2010\/07\/21\/la-deflation-principale-menace\/","title":{"rendered":"La d\u00e9flation, principale menace ?"},"content":{"rendered":"<p>En moins de deux ans les chocs \u00e9conomiques et financiers se succ\u00e9d\u00e9s avec une rapidit\u00e9 et une violence inou\u00efe. Apr\u00e8s la crise financi\u00e8re, apr\u00e8s la crise \u00e9conomique, apr\u00e8s la crise de la dette publique voici venu le temps de la menace d\u00e9flationniste. Le d\u00e9flation, pour simplifier, c&#39;est une baisse durable des prix. Lire <a href=\"http:\/\/fr.wikipedia.org\/wiki\/D%C3%A9flation\">ici<\/a> <\/p>\n<p>Ce soir, la R\u00e9serve f\u00e9d\u00e9rale am\u00e9ricaine a, par l&#39;interm\u00e9diaire de son pr\u00e9sident Ben Bernanke,&#0160; soulign\u00e9 le risque d\u00e9flationniste (sans le nommer) en indiquant que l&#39;inflation restait tr\u00e8s faible et qu&#39;elle devrait rester faible pendant tr\u00e8s longtemps. Lire <a href=\"http:\/\/www.la-croix.com\/afp.static\/pages\/100721182257.31shno12.htm\">ici<\/a><\/p>\n<p>En Europe la situation est presque identique de ce point de vue l\u00e0. L&#39;inflation sous-jacente (lire la d\u00e9finition <a href=\"http:\/\/www.insee.fr\/fr\/methodes\/default.asp?page=definitions\/inflation-sous-jacente.htm\">ici<\/a>) reste parfaitement ma\u00eetris\u00e9e. La seule diff\u00e9rence avec les \u00c9tats-Unis concerne les perspectives de croissance qui sont plus faibles en Europe. Nous allons donc peut-\u00eatre entendre parler de d\u00e9flation au cours des prochains mois, probl\u00e8me \u00e9conomique moins fr\u00e9quent et moins connu que l&#39;inflation. <\/p>\n","protected":false},"excerpt":{"rendered":"<p>En moins de deux ans les chocs \u00e9conomiques et financiers se succ\u00e9d\u00e9s avec une rapidit\u00e9 et une violence inou\u00efe. Apr\u00e8s la crise financi\u00e8re, apr\u00e8s la crise \u00e9conomique, apr\u00e8s la crise de la dette publique voici venu le temps de la menace d\u00e9flationniste. Le d\u00e9flation, pour simplifier, c&#39;est une baisse durable des prix. Lire ici Ce&nbsp;<\/p>\n<p><a class=\"btn btn-style\" href=\"https:\/\/flavienneuvy.fr\/index.php\/2010\/07\/21\/la-deflation-principale-menace\/\">Continuer la lecture&#8230;<\/a><\/p>\n","protected":false},"author":1,"featured_media":0,"comment_status":"open","ping_status":"open","sticky":false,"template":"","format":"standard","meta":[],"categories":[3],"tags":[],"_links":{"self":[{"href":"https:\/\/flavienneuvy.fr\/index.php\/wp-json\/wp\/v2\/posts\/853"}],"collection":[{"href":"https:\/\/flavienneuvy.fr\/index.php\/wp-json\/wp\/v2\/posts"}],"about":[{"href":"https:\/\/flavienneuvy.fr\/index.php\/wp-json\/wp\/v2\/types\/post"}],"author":[{"embeddable":true,"href":"https:\/\/flavienneuvy.fr\/index.php\/wp-json\/wp\/v2\/users\/1"}],"replies":[{"embeddable":true,"href":"https:\/\/flavienneuvy.fr\/index.php\/wp-json\/wp\/v2\/comments?post=853"}],"version-history":[{"count":0,"href":"https:\/\/flavienneuvy.fr\/index.php\/wp-json\/wp\/v2\/posts\/853\/revisions"}],"wp:attachment":[{"href":"https:\/\/flavienneuvy.fr\/index.php\/wp-json\/wp\/v2\/media?parent=853"}],"wp:term":[{"taxonomy":"category","embeddable":true,"href":"https:\/\/flavienneuvy.fr\/index.php\/wp-json\/wp\/v2\/categories?post=853"},{"taxonomy":"post_tag","embeddable":true,"href":"https:\/\/flavienneuvy.fr\/index.php\/wp-json\/wp\/v2\/tags?post=853"}],"curies":[{"name":"wp","href":"https:\/\/api.w.org\/{rel}","templated":true}]}}