{"id":856,"date":"2010-07-14T09:58:47","date_gmt":"2010-07-14T08:58:47","guid":{"rendered":"http:\/\/flavienneuvy.fr\/index.php\/2010\/07\/14\/lafrique-a-lhonneur\/"},"modified":"2010-07-14T09:58:47","modified_gmt":"2010-07-14T08:58:47","slug":"lafrique-a-lhonneur","status":"publish","type":"post","link":"https:\/\/flavienneuvy.fr\/index.php\/2010\/07\/14\/lafrique-a-lhonneur\/","title":{"rendered":"L&rsquo;Afrique \u00e0 l&rsquo;honneur"},"content":{"rendered":"<div style=\"text-align: justify;\">En ce jour de f\u00eate nationale, c&#39;est l&#39;Afrique qui est \u00e0 l&#39;honneur. De nombreux chefs d&#39;\u00c9tat africains sont venus pour l&#39;occasion et des troupes africaines d\u00e9filent sur les Champs. Par ailleurs, le Pr\u00e9sident de la R\u00e9publique a&#0160; <span>a annonc\u00e9 la \u00abd\u00e9cristallisation\u00bb des pensions des anciens<br \/>\ncombattants africains. En clair, la fin de l&#39;in\u00e9galit\u00e9 officielle de<br \/>\ntraitement entre militaires retrait\u00e9s fran\u00e7ais et<br \/>\n\u00e9trangers, pour la plupart africains ayant servi dans l&#39;arm\u00e9e<br \/>\nfran\u00e7aise. Depuis une loi de 1959, les pensions des combattants sont en<br \/>\neffet gel\u00e9es, \u00abcristallis\u00e9es\u00bb dans le jargon<br \/>\nmilitaire ce qui \u00e9tait une honte pour notre pays. <\/span><br \/><span><\/span><\/div>\n","protected":false},"excerpt":{"rendered":"<p>En ce jour de f\u00eate nationale, c&#39;est l&#39;Afrique qui est \u00e0 l&#39;honneur. De nombreux chefs d&#39;\u00c9tat africains sont venus pour l&#39;occasion et des troupes africaines d\u00e9filent sur les Champs. Par ailleurs, le Pr\u00e9sident de la R\u00e9publique a&#0160; a annonc\u00e9 la \u00abd\u00e9cristallisation\u00bb des pensions des anciens combattants africains. En clair, la fin de l&#39;in\u00e9galit\u00e9 officielle de&nbsp;<\/p>\n<p><a class=\"btn btn-style\" href=\"https:\/\/flavienneuvy.fr\/index.php\/2010\/07\/14\/lafrique-a-lhonneur\/\">Continuer la lecture&#8230;<\/a><\/p>\n","protected":false},"author":1,"featured_media":0,"comment_status":"open","ping_status":"open","sticky":false,"template":"","format":"standard","meta":[],"categories":[2],"tags":[],"_links":{"self":[{"href":"https:\/\/flavienneuvy.fr\/index.php\/wp-json\/wp\/v2\/posts\/856"}],"collection":[{"href":"https:\/\/flavienneuvy.fr\/index.php\/wp-json\/wp\/v2\/posts"}],"about":[{"href":"https:\/\/flavienneuvy.fr\/index.php\/wp-json\/wp\/v2\/types\/post"}],"author":[{"embeddable":true,"href":"https:\/\/flavienneuvy.fr\/index.php\/wp-json\/wp\/v2\/users\/1"}],"replies":[{"embeddable":true,"href":"https:\/\/flavienneuvy.fr\/index.php\/wp-json\/wp\/v2\/comments?post=856"}],"version-history":[{"count":0,"href":"https:\/\/flavienneuvy.fr\/index.php\/wp-json\/wp\/v2\/posts\/856\/revisions"}],"wp:attachment":[{"href":"https:\/\/flavienneuvy.fr\/index.php\/wp-json\/wp\/v2\/media?parent=856"}],"wp:term":[{"taxonomy":"category","embeddable":true,"href":"https:\/\/flavienneuvy.fr\/index.php\/wp-json\/wp\/v2\/categories?post=856"},{"taxonomy":"post_tag","embeddable":true,"href":"https:\/\/flavienneuvy.fr\/index.php\/wp-json\/wp\/v2\/tags?post=856"}],"curies":[{"name":"wp","href":"https:\/\/api.w.org\/{rel}","templated":true}]}}