{"id":857,"date":"2010-07-12T21:24:30","date_gmt":"2010-07-12T20:24:30","guid":{"rendered":"http:\/\/flavienneuvy.fr\/index.php\/2010\/07\/12\/premiere-reaction-a-lintervention-de-nicolas-sarkozy\/"},"modified":"2010-07-12T21:24:30","modified_gmt":"2010-07-12T20:24:30","slug":"premiere-reaction-a-lintervention-de-nicolas-sarkozy","status":"publish","type":"post","link":"https:\/\/flavienneuvy.fr\/index.php\/2010\/07\/12\/premiere-reaction-a-lintervention-de-nicolas-sarkozy\/","title":{"rendered":"Premi\u00e8re r\u00e9action \u00e0 l&rsquo;intervention de Nicolas Sarkozy"},"content":{"rendered":"<p style=\"text-align: justify;\">C&#39;est dans un contexte difficile, pour ne pas dire tendu, que le Pr\u00e9sident de la R\u00e9publique a pris la parole ce soir sur France 2. Tous les sujets du moment ont \u00e9t\u00e9 abord\u00e9s : l&#39;affaire Woerth, la r\u00e9forme des retraites, la crise&#8230;<\/p>\n<p style=\"text-align: justify;\">Les anti-sarko n&#39;auront pas \u00e9t\u00e9 convaincus et les \u00e9lecteurs de droite sont certainement rassur\u00e9s ce soir. Rassur\u00e9s car la performance de N Sarkozy a \u00e9t\u00e9 d&#39;un bon niveau. Il est fort dans cet exercice et c&#39;est certainement un point qu&#39;ont tendance \u00e0 oublier les adversaires politiques du chef de l&#39;\u00c9tat. Nous sommes \u00e0 20 mois de l&#39;\u00e9lection pr\u00e9sidentielle et la campagne va bient\u00f4t d\u00e9buter. Sarkozy, comme Chirac et Mitterrand avant lui, n&#39;est jamais aussi bon qu&#39;en campagne \u00e9lectorale. Or c&#39;est essentiel pour gagner une \u00e9lection pr\u00e9sidentielle. J&#39;ai revu il y a peu une \u00e9mission sur France 5 consacr\u00e9e aux d\u00e9bats de l&#39;entre deux tours avec des instants politiques qui sont entr\u00e9s dans la l\u00e9gende. Cette \u00e9mission montrait \u00e0 quel point l&#39;issue de ce d\u00e9bat est importante pour s&#39;imposer au second tour. Or je ne vois pas qui , \u00e0 gauche, a les \u00e9paules assez larges pour s&#39;imposer face \u00e0 N Sarkozy, qui conna\u00eet parfaitement ses dossiers, dans un tel d\u00e9bat. S Royal non, M Aubry non. Le seul qui pourrait faire jeu \u00e9gal serait DSK mais la gauche du PS et la gauche en g\u00e9n\u00e9ral n&#39;en veulent pas car &quot;trop \u00e0 droite&quot;.&#0160; <\/p>\n","protected":false},"excerpt":{"rendered":"<p>C&#39;est dans un contexte difficile, pour ne pas dire tendu, que le Pr\u00e9sident de la R\u00e9publique a pris la parole ce soir sur France 2. Tous les sujets du moment ont \u00e9t\u00e9 abord\u00e9s : l&#39;affaire Woerth, la r\u00e9forme des retraites, la crise&#8230; Les anti-sarko n&#39;auront pas \u00e9t\u00e9 convaincus et les \u00e9lecteurs de droite sont certainement&nbsp;<\/p>\n<p><a class=\"btn btn-style\" href=\"https:\/\/flavienneuvy.fr\/index.php\/2010\/07\/12\/premiere-reaction-a-lintervention-de-nicolas-sarkozy\/\">Continuer la lecture&#8230;<\/a><\/p>\n","protected":false},"author":1,"featured_media":0,"comment_status":"open","ping_status":"open","sticky":false,"template":"","format":"standard","meta":[],"categories":[4],"tags":[],"_links":{"self":[{"href":"https:\/\/flavienneuvy.fr\/index.php\/wp-json\/wp\/v2\/posts\/857"}],"collection":[{"href":"https:\/\/flavienneuvy.fr\/index.php\/wp-json\/wp\/v2\/posts"}],"about":[{"href":"https:\/\/flavienneuvy.fr\/index.php\/wp-json\/wp\/v2\/types\/post"}],"author":[{"embeddable":true,"href":"https:\/\/flavienneuvy.fr\/index.php\/wp-json\/wp\/v2\/users\/1"}],"replies":[{"embeddable":true,"href":"https:\/\/flavienneuvy.fr\/index.php\/wp-json\/wp\/v2\/comments?post=857"}],"version-history":[{"count":0,"href":"https:\/\/flavienneuvy.fr\/index.php\/wp-json\/wp\/v2\/posts\/857\/revisions"}],"wp:attachment":[{"href":"https:\/\/flavienneuvy.fr\/index.php\/wp-json\/wp\/v2\/media?parent=857"}],"wp:term":[{"taxonomy":"category","embeddable":true,"href":"https:\/\/flavienneuvy.fr\/index.php\/wp-json\/wp\/v2\/categories?post=857"},{"taxonomy":"post_tag","embeddable":true,"href":"https:\/\/flavienneuvy.fr\/index.php\/wp-json\/wp\/v2\/tags?post=857"}],"curies":[{"name":"wp","href":"https:\/\/api.w.org\/{rel}","templated":true}]}}